{"id":8683,"date":"2024-10-08T11:59:10","date_gmt":"2024-10-08T11:59:10","guid":{"rendered":"https:\/\/pelestest.thepoint-agency.com\/bustul-reginei-elisabeta\/"},"modified":"2024-10-08T11:59:10","modified_gmt":"2024-10-08T11:59:10","slug":"bustul-reginei-elisabeta","status":"publish","type":"post","link":"https:\/\/thewebdevpoint.com\/en\/patrimoniu\/bustul-reginei-elisabeta\/8683\/","title":{"rendered":"Bust of Queen Elizabeth"},"content":{"rendered":"<p>[stag_toggle style=\u201dnormal\u201d title=\u201dPiece details\u201d state=\u201dclosed\u201d]Bust of Queen Elizabeth<br>Vladimir Hegel, 1891<br>white marble<br>Signed and dated on the base<br>I: 70 cm; L \u2013 50 cm[\/stag_toggle]<\/p>\n<p>In 1891, Hegel created the bust of Queen Elisabeth in white marble. The work belongs to a series of busts \u2013 meant to embody cultural and political figures of the era, in which the artist Wladimir Hegel was also involved.<\/p>\n<p>The white marble bust represents, frontally, Queen Elisabeth, the first sovereign of Romania (1869-1916), dressed in a late 19th century costume, wearing a small diadem on her head. At the bottom left (on the base) is the author&#039;s signature and the date: &quot;W. Hegel, 1891&quot;.<\/p>\n<p>The fact that the sculptor approached the Royal Court, knowing the exquisite artistic tastes of both Queen Elizabeth and King Carol I, proves the fame that Wladimir Hegel enjoyed in the artistic world, as well as among the Romanian protipendiary, since the turn of the two centuries.<\/p>\n<p>Wladimir Hegel, a prominent representative of Romanian neoclassicism (1839-1918), comes from an ancient family of Polish sculptors, who came to his new adopted country, Austria. By name, in Romania, W. Hegel was taken as German; it is not surprising that once settled in D\u00e2mbovi\u0163a he became a close friend of King Carol I and Queen Elisabeth. However, both his great-grandfather, J\u00f3zef Hegel, his grandfather, Antoni, and his father, Konstanty Hegel, were professional sculptors, closely linked to Polish culture.<\/p>\n<p>The activity of the young sculptor, Wladimir (W\u0142odzimierz in Polish) is less known to us. It seems that after in-depth studies in Germany, and in Paris, he was known by the writer VA Urechia, the Romanian man of culture and statesman, who received in 1873, as a tribute \u2013 for his participation in the Congress of Latinity in Paris \u2013 a statuette made by the sculptor Hegel. The respective object constituted for the then senator, an urge to campaign to bring him to Romania. The influential Romanian statesman will intensely support Hegel not only to come to Bucharest, but also to carry out some of the projects on the agenda of those times, something extremely important on a national level. The encouragement given by Urechia helped the sculptor to quickly reach the attention of the Romanian pro-independence, but also of public opinion.<\/p>\n<p>Wladimir Hegel settled in Bucharest in 1885 and established himself as a pedagogue and professor at the School of Arts and Crafts, and in 1898 he became a professor of sculpture and drawing at the Academy of Fine Arts in the Romanian capital, after the premature death of Ion Georgescu.<\/p>\n<p>Under Hegel&#039;s guidance, he also studied, between 1898 and 1902, Constantin Br\u00e2ncu\u015fi, the sculptor who would renew modern sculpture of the 20th century, both in terms of values and not only. Br\u00e2ncu\u015fi then created, with the help of Dr. Dimitrie Gerota, the work that represented the study of the human body: Ecor\u015feu, which was awarded a bronze medal.<\/p>\n<p>W. Hegel was the &quot;father and teacher&quot; of the sculptor Dimitrie Paciurea, instilling in him the cult of form, supporting him to continue his studies in Paris.<\/p>\n<p>We also note that the Polish artist, like many of his compatriots, adapted wonderfully to the Romanian environment; he created monumental works of great stature, which undoubtedly enriched the national cultural heritage, with works that have imposed themselves on posterity, most of them in neoclassical style, including the statue of Miron Costin in Ia\u0219i (1888), appreciated by Nicolae Tonitza as:<\/p>\n<p>\u201cThe most successful statue ever erected on the land of Wallachia\u201d<\/p>\n<p>Starting in 1893, Hegel focused his attention on creating sculptures dedicated to Mihail Kog\u0103lniceanu, which he would create in Gala\u0163i, Ia\u015fi, Piatra Neam\u0163 and Dorohoi. It is known that the historian posed for the artist in Constan\u0163a for the creation of a bust, also making a plaster mask for him. The patinated bronze bust of Kog\u0103lniceanu is kept at the Romanian Academy.<\/p>\n<p>In 1894, the Bac\u0103u city hall commissioned W. Hegel to create a bust of Vasile Alecsandri.<br \/>\nA loss for Romanian monumental art remains the failure to realize the Hegelian project related to the erection of a monument dedicated to Independence, in the form of a 40-meter-high column, apparently suggested by Trajan&#039;s Column, above which the statue of victorious Romania was to be enthroned. He did not definitively give up on the idea, since the work Commemorative Column, cast and chiseled in 1903, is preserved in the artistic heritage of the Pele\u0219 National Museum.<\/p>\n<p>Taken as a whole, Wladimir Hegel&#039;s works marked a moment of reference in Romanian monumental art at the end of the 19th century and the beginning of the 20th century, as an area of scope and expression that was difficult to surpass.<\/p>\n<h4>Liliana Manoliu,<small> curator<\/small><\/h4>","protected":false},"excerpt":{"rendered":"<p>[stag_toggle style=\u201dnormal\u201d title=\u201dPiece details\u201d state=\u201dclosed\u201d]Bust of Queen ElizabethWladimir Hegel, 1891white marbleSigned and dated on the baseW: 70 cm; L \u2013 50 cm[\/stag_toggle] In 1891, Hegel created the bust of Queen Elizabeth in white marble. The work belongs to a series of busts \u2013 meant to embody cultural and political personalities of the era, in which the artist also [\u2026]<\/p>","protected":false},"author":1,"featured_media":0,"comment_status":"open","ping_status":"open","sticky":false,"template":"","format":"standard","meta":{"_acf_changed":false,"footnotes":""},"categories":[263,259],"tags":[130],"class_list":["post-8683","post","type-post","status-publish","format-standard","hentry","category-arta-plastica","category-patrimoniu","tag-colectia-de-arta-plasticaregina-elisabetasculpturawladimir-hegel"],"acf":[],"yoast_head":"<!-- This site is optimized with the Yoast SEO plugin v24.1 - https:\/\/yoast.com\/wordpress\/plugins\/seo\/ -->\n<title>Bustul Reginei Elisabeta &#183; Peles Test<\/title>\n<meta name=\"robots\" content=\"noindex, follow, max-snippet:-1, max-image-preview:large, max-video-preview:-1\" \/>\n<script type=\"application\/ld+json\" class=\"yoast-schema-graph\">{\"@context\":\"https:\/\/schema.org\",\"@graph\":[{\"@type\":\"Article\",\"@id\":\"https:\/\/thewebdevpoint.com\/patrimoniu\/bustul-reginei-elisabeta\/8683\/#article\",\"isPartOf\":{\"@id\":\"https:\/\/thewebdevpoint.com\/patrimoniu\/bustul-reginei-elisabeta\/8683\/\"},\"author\":{\"name\":\"aysemariadav\",\"@id\":\"https:\/\/thewebdevpoint.com\/ro\/#\/schema\/person\/eaad1484e1392d3fc5d35c9d5a1f7488\"},\"headline\":\"Bustul Reginei Elisabeta\",\"datePublished\":\"2024-10-08T11:59:10+00:00\",\"dateModified\":\"2024-10-08T11:59:10+00:00\",\"mainEntityOfPage\":{\"@id\":\"https:\/\/thewebdevpoint.com\/patrimoniu\/bustul-reginei-elisabeta\/8683\/\"},\"wordCount\":839,\"commentCount\":0,\"publisher\":{\"@id\":\"https:\/\/thewebdevpoint.com\/ro\/#organization\"},\"keywords\":[\"colectia de arta plastica|regina elisabeta|sculptura|Wladimir Hegel\"],\"articleSection\":[\"Arta Plastica\",\"Patrimoniu\"],\"inLanguage\":\"en-GB\",\"potentialAction\":[{\"@type\":\"CommentAction\",\"name\":\"Comment\",\"target\":[\"https:\/\/thewebdevpoint.com\/patrimoniu\/bustul-reginei-elisabeta\/8683\/#respond\"]}]},{\"@type\":\"WebPage\",\"@id\":\"https:\/\/thewebdevpoint.com\/patrimoniu\/bustul-reginei-elisabeta\/8683\/\",\"url\":\"https:\/\/thewebdevpoint.com\/patrimoniu\/bustul-reginei-elisabeta\/8683\/\",\"name\":\"Bustul Reginei Elisabeta &#183; Peles Test\",\"isPartOf\":{\"@id\":\"https:\/\/thewebdevpoint.com\/ro\/#website\"},\"datePublished\":\"2024-10-08T11:59:10+00:00\",\"dateModified\":\"2024-10-08T11:59:10+00:00\",\"breadcrumb\":{\"@id\":\"https:\/\/thewebdevpoint.com\/patrimoniu\/bustul-reginei-elisabeta\/8683\/#breadcrumb\"},\"inLanguage\":\"en-GB\",\"potentialAction\":[{\"@type\":\"ReadAction\",\"target\":[\"https:\/\/thewebdevpoint.com\/patrimoniu\/bustul-reginei-elisabeta\/8683\/\"]}]},{\"@type\":\"BreadcrumbList\",\"@id\":\"https:\/\/thewebdevpoint.com\/patrimoniu\/bustul-reginei-elisabeta\/8683\/#breadcrumb\",\"itemListElement\":[{\"@type\":\"ListItem\",\"position\":1,\"name\":\"Acas\u0103\",\"item\":\"https:\/\/thewebdevpoint.com\/\"},{\"@type\":\"ListItem\",\"position\":2,\"name\":\"Bustul Reginei Elisabeta\"}]},{\"@type\":\"WebSite\",\"@id\":\"https:\/\/thewebdevpoint.com\/ro\/#website\",\"url\":\"https:\/\/thewebdevpoint.com\/ro\/\",\"name\":\"Peles Test\",\"description\":\"\",\"publisher\":{\"@id\":\"https:\/\/thewebdevpoint.com\/ro\/#organization\"},\"potentialAction\":[{\"@type\":\"SearchAction\",\"target\":{\"@type\":\"EntryPoint\",\"urlTemplate\":\"https:\/\/thewebdevpoint.com\/ro\/?s={search_term_string}\"},\"query-input\":{\"@type\":\"PropertyValueSpecification\",\"valueRequired\":true,\"valueName\":\"search_term_string\"}}],\"inLanguage\":\"en-GB\"},{\"@type\":\"Organization\",\"@id\":\"https:\/\/thewebdevpoint.com\/ro\/#organization\",\"name\":\"Muzeul Pele\u0219\",\"alternateName\":\"MP\",\"url\":\"https:\/\/thewebdevpoint.com\/ro\/\",\"logo\":{\"@type\":\"ImageObject\",\"inLanguage\":\"en-GB\",\"@id\":\"https:\/\/thewebdevpoint.com\/ro\/#\/schema\/logo\/image\/\",\"url\":\"https:\/\/thewebdevpoint.com\/wp-content\/uploads\/2024\/10\/Logo.svg\",\"contentUrl\":\"https:\/\/thewebdevpoint.com\/wp-content\/uploads\/2024\/10\/Logo.svg\",\"width\":251,\"height\":48,\"caption\":\"Muzeul Pele\u0219\"},\"image\":{\"@id\":\"https:\/\/thewebdevpoint.com\/ro\/#\/schema\/logo\/image\/\"}},{\"@type\":\"Person\",\"@id\":\"https:\/\/thewebdevpoint.com\/ro\/#\/schema\/person\/eaad1484e1392d3fc5d35c9d5a1f7488\",\"name\":\"aysemariadav\",\"image\":{\"@type\":\"ImageObject\",\"inLanguage\":\"en-GB\",\"@id\":\"https:\/\/thewebdevpoint.com\/ro\/#\/schema\/person\/image\/\",\"url\":\"https:\/\/secure.gravatar.com\/avatar\/a12b1c700676b68fee98499009c5f521?s=96&d=mm&r=g\",\"contentUrl\":\"https:\/\/secure.gravatar.com\/avatar\/a12b1c700676b68fee98499009c5f521?s=96&d=mm&r=g\",\"caption\":\"aysemariadav\"},\"sameAs\":[\"http:\/\/pelestest.thepoint-agency.com\"],\"url\":\"https:\/\/thewebdevpoint.com\/en\/author\/aysemariadav\/\"}]}<\/script>\n<!-- \/ Yoast SEO plugin. -->","yoast_head_json":{"title":"Bustul Reginei Elisabeta &#183; Peles Test","robots":{"index":"noindex","follow":"follow","max-snippet":"max-snippet:-1","max-image-preview":"max-image-preview:large","max-video-preview":"max-video-preview:-1"},"schema":{"@context":"https:\/\/schema.org","@graph":[{"@type":"Article","@id":"https:\/\/thewebdevpoint.com\/patrimoniu\/bustul-reginei-elisabeta\/8683\/#article","isPartOf":{"@id":"https:\/\/thewebdevpoint.com\/patrimoniu\/bustul-reginei-elisabeta\/8683\/"},"author":{"name":"aysemariadav","@id":"https:\/\/thewebdevpoint.com\/ro\/#\/schema\/person\/eaad1484e1392d3fc5d35c9d5a1f7488"},"headline":"Bustul Reginei Elisabeta","datePublished":"2024-10-08T11:59:10+00:00","dateModified":"2024-10-08T11:59:10+00:00","mainEntityOfPage":{"@id":"https:\/\/thewebdevpoint.com\/patrimoniu\/bustul-reginei-elisabeta\/8683\/"},"wordCount":839,"commentCount":0,"publisher":{"@id":"https:\/\/thewebdevpoint.com\/ro\/#organization"},"keywords":["colectia de arta plastica|regina elisabeta|sculptura|Wladimir Hegel"],"articleSection":["Arta Plastica","Patrimoniu"],"inLanguage":"en-GB","potentialAction":[{"@type":"CommentAction","name":"Comment","target":["https:\/\/thewebdevpoint.com\/patrimoniu\/bustul-reginei-elisabeta\/8683\/#respond"]}]},{"@type":"WebPage","@id":"https:\/\/thewebdevpoint.com\/patrimoniu\/bustul-reginei-elisabeta\/8683\/","url":"https:\/\/thewebdevpoint.com\/patrimoniu\/bustul-reginei-elisabeta\/8683\/","name":"Bustul Reginei Elisabeta &#183; Peles Test","isPartOf":{"@id":"https:\/\/thewebdevpoint.com\/ro\/#website"},"datePublished":"2024-10-08T11:59:10+00:00","dateModified":"2024-10-08T11:59:10+00:00","breadcrumb":{"@id":"https:\/\/thewebdevpoint.com\/patrimoniu\/bustul-reginei-elisabeta\/8683\/#breadcrumb"},"inLanguage":"en-GB","potentialAction":[{"@type":"ReadAction","target":["https:\/\/thewebdevpoint.com\/patrimoniu\/bustul-reginei-elisabeta\/8683\/"]}]},{"@type":"BreadcrumbList","@id":"https:\/\/thewebdevpoint.com\/patrimoniu\/bustul-reginei-elisabeta\/8683\/#breadcrumb","itemListElement":[{"@type":"ListItem","position":1,"name":"Acas\u0103","item":"https:\/\/thewebdevpoint.com\/"},{"@type":"ListItem","position":2,"name":"Bustul Reginei Elisabeta"}]},{"@type":"WebSite","@id":"https:\/\/thewebdevpoint.com\/ro\/#website","url":"https:\/\/thewebdevpoint.com\/ro\/","name":"Peles Test","description":"","publisher":{"@id":"https:\/\/thewebdevpoint.com\/ro\/#organization"},"potentialAction":[{"@type":"SearchAction","target":{"@type":"EntryPoint","urlTemplate":"https:\/\/thewebdevpoint.com\/ro\/?s={search_term_string}"},"query-input":{"@type":"PropertyValueSpecification","valueRequired":true,"valueName":"search_term_string"}}],"inLanguage":"en-GB"},{"@type":"Organization","@id":"https:\/\/thewebdevpoint.com\/ro\/#organization","name":"Muzeul Pele\u0219","alternateName":"MP","url":"https:\/\/thewebdevpoint.com\/ro\/","logo":{"@type":"ImageObject","inLanguage":"en-GB","@id":"https:\/\/thewebdevpoint.com\/ro\/#\/schema\/logo\/image\/","url":"https:\/\/thewebdevpoint.com\/wp-content\/uploads\/2024\/10\/Logo.svg","contentUrl":"https:\/\/thewebdevpoint.com\/wp-content\/uploads\/2024\/10\/Logo.svg","width":251,"height":48,"caption":"Muzeul Pele\u0219"},"image":{"@id":"https:\/\/thewebdevpoint.com\/ro\/#\/schema\/logo\/image\/"}},{"@type":"Person","@id":"https:\/\/thewebdevpoint.com\/ro\/#\/schema\/person\/eaad1484e1392d3fc5d35c9d5a1f7488","name":"aysemariadav","image":{"@type":"ImageObject","inLanguage":"en-GB","@id":"https:\/\/thewebdevpoint.com\/ro\/#\/schema\/person\/image\/","url":"https:\/\/secure.gravatar.com\/avatar\/a12b1c700676b68fee98499009c5f521?s=96&d=mm&r=g","contentUrl":"https:\/\/secure.gravatar.com\/avatar\/a12b1c700676b68fee98499009c5f521?s=96&d=mm&r=g","caption":"aysemariadav"},"sameAs":["http:\/\/pelestest.thepoint-agency.com"],"url":"https:\/\/thewebdevpoint.com\/en\/author\/aysemariadav\/"}]}},"_links":{"self":[{"href":"https:\/\/thewebdevpoint.com\/en\/wp-json\/wp\/v2\/posts\/8683","targetHints":{"allow":["GET"]}}],"collection":[{"href":"https:\/\/thewebdevpoint.com\/en\/wp-json\/wp\/v2\/posts"}],"about":[{"href":"https:\/\/thewebdevpoint.com\/en\/wp-json\/wp\/v2\/types\/post"}],"author":[{"embeddable":true,"href":"https:\/\/thewebdevpoint.com\/en\/wp-json\/wp\/v2\/users\/1"}],"replies":[{"embeddable":true,"href":"https:\/\/thewebdevpoint.com\/en\/wp-json\/wp\/v2\/comments?post=8683"}],"version-history":[{"count":0,"href":"https:\/\/thewebdevpoint.com\/en\/wp-json\/wp\/v2\/posts\/8683\/revisions"}],"wp:attachment":[{"href":"https:\/\/thewebdevpoint.com\/en\/wp-json\/wp\/v2\/media?parent=8683"}],"wp:term":[{"taxonomy":"category","embeddable":true,"href":"https:\/\/thewebdevpoint.com\/en\/wp-json\/wp\/v2\/categories?post=8683"},{"taxonomy":"post_tag","embeddable":true,"href":"https:\/\/thewebdevpoint.com\/en\/wp-json\/wp\/v2\/tags?post=8683"}],"curies":[{"name":"wp","href":"https:\/\/api.w.org\/{rel}","templated":true}]}}