{"id":8675,"date":"2024-10-08T11:59:10","date_gmt":"2024-10-08T11:59:10","guid":{"rendered":"https:\/\/pelestest.thepoint-agency.com\/artistice\/"},"modified":"2024-10-08T11:59:10","modified_gmt":"2024-10-08T11:59:10","slug":"artistice","status":"publish","type":"post","link":"https:\/\/thewebdevpoint.com\/fr\/video\/artistice\/8675\/","title":{"rendered":"Fantaisie"},"content":{"rendered":"<h3>Pr\u00e9sentation de l&#039;exposition <em>\u00ab Karel Liman : architecte tch\u00e8que de la Maison royale de Roumanie \u00bb<\/em><\/h3>\n<p>\u2013 Janvier \u2013 Avril 2014<\/p>\n<div class=\"embed-media\"><iframe src=\"http:\/\/player.vimeo.com\/video\/84115033?title=0&amp;byline=0&amp;portrait=0\" width=\"300\" height=\"150\" frameborder=\"0\" allowfullscreen=\"allowfullscreen\" data-aspectratio=\"0.5625\"><\/iframe><\/div>\n<hr \/>\n<h3>Pr\u00e9sentation de l&#039;exposition <em>\u00ab\u00a0Art Nouveau \u2013 110 ans en Roumanie\u00a0\u00bb<\/em><\/h3>\n<p>\u2013 septembre \u2013 d\u00e9cembre 2013<\/p>\n<div class=\"embed-media\"><iframe src=\"http:\/\/player.vimeo.com\/video\/72885648?title=0&amp;byline=0&amp;portrait=0\" width=\"300\" height=\"150\" frameborder=\"0\" allowfullscreen=\"allowfullscreen\" data-aspectratio=\"0.5625\"><\/iframe><\/div>\n<hr \/>\n<h3>Pr\u00e9sentation de l&#039;exposition <em>\u00ab\u00a0Les maisons de r\u00eave de la reine Marie\u00a0\u2013 Ch\u00e2teau de Balchik\u00a0\u00bb<\/em><\/h3>\n<p>\u2013 Mai \u2013 Ao\u00fbt 2013<\/p>\n<div class=\"embed-media\"><iframe src=\"http:\/\/player.vimeo.com\/video\/64625323?title=0&amp;byline=0&amp;portrait=0\" width=\"300\" height=\"150\" frameborder=\"0\" allowfullscreen=\"allowfullscreen\" data-aspectratio=\"0.5625\"><\/iframe><\/div>\n<hr \/>\n<h3>Pr\u00e9sentation de l&#039;exposition <em>&quot;Gustav Klimt et Kunstlerkompagnie&quot;<\/em><\/h3>\n<p>\u2013 septembre \u2013 d\u00e9cembre 2012<\/p>\n<div class=\"embed-media\"><iframe src=\"http:\/\/player.vimeo.com\/video\/48248859?title=0&amp;byline=0&amp;portrait=0\" width=\"300\" height=\"150\" frameborder=\"0\" allowfullscreen=\"allowfullscreen\" data-aspectratio=\"0.5625\"><\/iframe><\/div>\n<hr \/>\n<h3>Concours national <em>\u00ab Carmen Sylva \u00bb<\/em> pour les jeunes talents \u2013 2e \u00e9dition<\/h3>\n<p>\u2013 Ao\u00fbt 2012<\/p>\n<div class=\"embed-media\"><iframe src=\"http:\/\/player.vimeo.com\/video\/46577157?title=0&amp;byline=0&amp;portrait=0&amp;color=c9ff23\" width=\"300\" height=\"150\" frameborder=\"0\" allowfullscreen=\"allowfullscreen\" data-aspectratio=\"0.5625\"><\/iframe><\/div>\n<hr \/>\n<h3>Concours national <em>\u00ab Carmen Sylva \u00bb<\/em> pour les jeunes talents<\/h3>\n<p>\u2013 D\u00e9cembre 2011<\/p>\n<div class=\"embed-media\"><iframe src=\"http:\/\/player.vimeo.com\/video\/33100195?title=0&amp;byline=0&amp;portrait=0&amp;color=c9ff23\" width=\"300\" height=\"150\" frameborder=\"0\" allowfullscreen=\"allowfullscreen\" data-aspectratio=\"0.5625\"><\/iframe><\/div>\n<hr \/>\n<h3>concours <em>\u00ab Soutenez le ch\u00e2teau de Peles \u00bb<\/em><\/h3>\n<p>\u2013 D\u00e9cembre 2011<\/p>\n<div class=\"embed-media\"><iframe src=\"http:\/\/player.vimeo.com\/video\/34261962?title=0&amp;byline=0&amp;portrait=0&amp;autoplay=0&amp;loop=1\" width=\"300\" height=\"150\" frameborder=\"0\" allowfullscreen=\"allowfullscreen\" data-aspectratio=\"0.5625\"><\/iframe><\/div>\n<hr \/>\n<h3>Campagne promotionnelle <em>\u00ab\u00a0Le Mus\u00e9e national Peles sur Twitter\u00a0\u00bb<\/em><\/h3>\n<p>\u2013 Novembre 2011<\/p>\n<div class=\"embed-media\"><iframe src=\"http:\/\/player.vimeo.com\/video\/32472780?title=0&amp;byline=0&amp;portrait=0\" width=\"300\" height=\"150\" frameborder=\"0\" allowfullscreen=\"allowfullscreen\" data-aspectratio=\"0.5625\"><\/iframe><\/div>\n<hr \/>\n<h3>Campagne promotionnelle <em>\u00ab L\u00e0 o\u00f9 les contes de f\u00e9es deviennent r\u00e9alit\u00e9 \u00bb<\/em><\/h3>\n<p>\u2013 Juillet 2011<\/p>\n<div class=\"embed-media\"><iframe src=\"http:\/\/player.vimeo.com\/video\/26983894?title=0&amp;byline=0&amp;portrait=0\" width=\"300\" height=\"150\" frameborder=\"0\" data-aspectratio=\"0.5625\"><\/iframe><\/div>\n<hr \/>\n<h3>Court m\u00e9trage <em>\u00ab Une minute chez Peles \u00bb 3<\/em><\/h3>\n<p>\u2013 Juillet 2011<\/p>\n<div class=\"embed-media\"><iframe src=\"http:\/\/player.vimeo.com\/video\/26173030?title=0&amp;byline=0&amp;portrait=0\" width=\"300\" height=\"150\" frameborder=\"0\" data-aspectratio=\"0.5625\"><\/iframe><\/div>\n<hr \/>\n<h3>Court m\u00e9trage <em>\u00ab Une minute \u00e0 Peles \u00bb 2<\/em><\/h3>\n<p>\u2013 Mars 2011<\/p>\n<div class=\"embed-media\"><iframe src=\"http:\/\/player.vimeo.com\/video\/21639624?title=0&amp;byline=0&amp;portrait=0&amp;color=80ceff\" width=\"300\" height=\"150\" frameborder=\"0\" data-aspectratio=\"0.5625\"><\/iframe><\/div>\n<hr \/>\n<h3>Court m\u00e9trage <em>\u00ab Une minute chez Peles \u00bb<\/em><\/h3>\n<p>\u2013 D\u00e9cembre 2010<\/p>\n<div class=\"embed-media\"><iframe src=\"http:\/\/player.vimeo.com\/video\/18298919?title=0&amp;byline=0&amp;portrait=0&amp;color=80ceff\" width=\"300\" height=\"150\" frameborder=\"0\" data-aspectratio=\"0.5625\"><\/iframe><\/div>","protected":false},"excerpt":{"rendered":"<p>Pr\u00e9sentation de l\u2019exposition \u00ab Karel Liman : architecte tch\u00e8que de la Maison royale de Roumanie \u00bb \u2013 janvier \u2013 avril 2014 Pr\u00e9sentation de l\u2019exposition \u00ab Art nouveau \u2013 110 ans en Roumanie \u00bb \u2013 septembre \u2013 d\u00e9cembre 2013 Pr\u00e9sentation de l\u2019exposition \u00ab Les maisons de r\u00eave de la reine Maria \u2013 Ch\u00e2teau de Balchik \u00bb \u2013 mai \u2013 ao\u00fbt 2013 Pr\u00e9sentation de l\u2019exposition \u00ab Gustav Klimt et la Kunstlerkompagnie \u00bb \u2013 septembre \u2013 [\u2026]<\/p>","protected":false},"author":1,"featured_media":0,"comment_status":"open","ping_status":"open","sticky":false,"template":"","format":"standard","meta":{"_acf_changed":false,"footnotes":""},"categories":[258],"tags":[52],"class_list":["post-8675","post","type-post","status-publish","format-standard","hentry","category-video","tag-video"],"acf":[],"yoast_head":"<!-- This site is optimized with the Yoast SEO plugin v24.1 - https:\/\/yoast.com\/wordpress\/plugins\/seo\/ -->\n<title>Artistice &#183; Peles Test<\/title>\n<meta name=\"robots\" content=\"noindex, follow, max-snippet:-1, max-image-preview:large, max-video-preview:-1\" \/>\n<script type=\"application\/ld+json\" class=\"yoast-schema-graph\">{\"@context\":\"https:\/\/schema.org\",\"@graph\":[{\"@type\":\"Article\",\"@id\":\"https:\/\/thewebdevpoint.com\/video\/artistice\/8675\/#article\",\"isPartOf\":{\"@id\":\"https:\/\/thewebdevpoint.com\/video\/artistice\/8675\/\"},\"author\":{\"name\":\"aysemariadav\",\"@id\":\"https:\/\/thewebdevpoint.com\/ro\/#\/schema\/person\/eaad1484e1392d3fc5d35c9d5a1f7488\"},\"headline\":\"Artistice\",\"datePublished\":\"2024-10-08T11:59:10+00:00\",\"dateModified\":\"2024-10-08T11:59:10+00:00\",\"mainEntityOfPage\":{\"@id\":\"https:\/\/thewebdevpoint.com\/video\/artistice\/8675\/\"},\"wordCount\":103,\"commentCount\":0,\"publisher\":{\"@id\":\"https:\/\/thewebdevpoint.com\/ro\/#organization\"},\"keywords\":[\"video\"],\"articleSection\":[\"Video\"],\"inLanguage\":\"fr-FR\",\"potentialAction\":[{\"@type\":\"CommentAction\",\"name\":\"Comment\",\"target\":[\"https:\/\/thewebdevpoint.com\/video\/artistice\/8675\/#respond\"]}]},{\"@type\":\"WebPage\",\"@id\":\"https:\/\/thewebdevpoint.com\/video\/artistice\/8675\/\",\"url\":\"https:\/\/thewebdevpoint.com\/video\/artistice\/8675\/\",\"name\":\"Artistice &#183; Peles Test\",\"isPartOf\":{\"@id\":\"https:\/\/thewebdevpoint.com\/ro\/#website\"},\"datePublished\":\"2024-10-08T11:59:10+00:00\",\"dateModified\":\"2024-10-08T11:59:10+00:00\",\"breadcrumb\":{\"@id\":\"https:\/\/thewebdevpoint.com\/video\/artistice\/8675\/#breadcrumb\"},\"inLanguage\":\"fr-FR\",\"potentialAction\":[{\"@type\":\"ReadAction\",\"target\":[\"https:\/\/thewebdevpoint.com\/video\/artistice\/8675\/\"]}]},{\"@type\":\"BreadcrumbList\",\"@id\":\"https:\/\/thewebdevpoint.com\/video\/artistice\/8675\/#breadcrumb\",\"itemListElement\":[{\"@type\":\"ListItem\",\"position\":1,\"name\":\"Acas\u0103\",\"item\":\"https:\/\/thewebdevpoint.com\/\"},{\"@type\":\"ListItem\",\"position\":2,\"name\":\"Artistice\"}]},{\"@type\":\"WebSite\",\"@id\":\"https:\/\/thewebdevpoint.com\/ro\/#website\",\"url\":\"https:\/\/thewebdevpoint.com\/ro\/\",\"name\":\"Peles Test\",\"description\":\"\",\"publisher\":{\"@id\":\"https:\/\/thewebdevpoint.com\/ro\/#organization\"},\"potentialAction\":[{\"@type\":\"SearchAction\",\"target\":{\"@type\":\"EntryPoint\",\"urlTemplate\":\"https:\/\/thewebdevpoint.com\/ro\/?s={search_term_string}\"},\"query-input\":{\"@type\":\"PropertyValueSpecification\",\"valueRequired\":true,\"valueName\":\"search_term_string\"}}],\"inLanguage\":\"fr-FR\"},{\"@type\":\"Organization\",\"@id\":\"https:\/\/thewebdevpoint.com\/ro\/#organization\",\"name\":\"Muzeul Pele\u0219\",\"alternateName\":\"MP\",\"url\":\"https:\/\/thewebdevpoint.com\/ro\/\",\"logo\":{\"@type\":\"ImageObject\",\"inLanguage\":\"fr-FR\",\"@id\":\"https:\/\/thewebdevpoint.com\/ro\/#\/schema\/logo\/image\/\",\"url\":\"https:\/\/thewebdevpoint.com\/wp-content\/uploads\/2024\/10\/Logo.svg\",\"contentUrl\":\"https:\/\/thewebdevpoint.com\/wp-content\/uploads\/2024\/10\/Logo.svg\",\"width\":251,\"height\":48,\"caption\":\"Muzeul Pele\u0219\"},\"image\":{\"@id\":\"https:\/\/thewebdevpoint.com\/ro\/#\/schema\/logo\/image\/\"}},{\"@type\":\"Person\",\"@id\":\"https:\/\/thewebdevpoint.com\/ro\/#\/schema\/person\/eaad1484e1392d3fc5d35c9d5a1f7488\",\"name\":\"aysemariadav\",\"image\":{\"@type\":\"ImageObject\",\"inLanguage\":\"fr-FR\",\"@id\":\"https:\/\/thewebdevpoint.com\/ro\/#\/schema\/person\/image\/\",\"url\":\"https:\/\/secure.gravatar.com\/avatar\/a12b1c700676b68fee98499009c5f521?s=96&d=mm&r=g\",\"contentUrl\":\"https:\/\/secure.gravatar.com\/avatar\/a12b1c700676b68fee98499009c5f521?s=96&d=mm&r=g\",\"caption\":\"aysemariadav\"},\"sameAs\":[\"http:\/\/pelestest.thepoint-agency.com\"],\"url\":\"https:\/\/thewebdevpoint.com\/fr\/author\/aysemariadav\/\"}]}<\/script>\n<!-- \/ Yoast SEO plugin. -->","yoast_head_json":{"title":"Artistice &#183; Peles Test","robots":{"index":"noindex","follow":"follow","max-snippet":"max-snippet:-1","max-image-preview":"max-image-preview:large","max-video-preview":"max-video-preview:-1"},"schema":{"@context":"https:\/\/schema.org","@graph":[{"@type":"Article","@id":"https:\/\/thewebdevpoint.com\/video\/artistice\/8675\/#article","isPartOf":{"@id":"https:\/\/thewebdevpoint.com\/video\/artistice\/8675\/"},"author":{"name":"aysemariadav","@id":"https:\/\/thewebdevpoint.com\/ro\/#\/schema\/person\/eaad1484e1392d3fc5d35c9d5a1f7488"},"headline":"Artistice","datePublished":"2024-10-08T11:59:10+00:00","dateModified":"2024-10-08T11:59:10+00:00","mainEntityOfPage":{"@id":"https:\/\/thewebdevpoint.com\/video\/artistice\/8675\/"},"wordCount":103,"commentCount":0,"publisher":{"@id":"https:\/\/thewebdevpoint.com\/ro\/#organization"},"keywords":["video"],"articleSection":["Video"],"inLanguage":"fr-FR","potentialAction":[{"@type":"CommentAction","name":"Comment","target":["https:\/\/thewebdevpoint.com\/video\/artistice\/8675\/#respond"]}]},{"@type":"WebPage","@id":"https:\/\/thewebdevpoint.com\/video\/artistice\/8675\/","url":"https:\/\/thewebdevpoint.com\/video\/artistice\/8675\/","name":"Artistice &#183; Peles Test","isPartOf":{"@id":"https:\/\/thewebdevpoint.com\/ro\/#website"},"datePublished":"2024-10-08T11:59:10+00:00","dateModified":"2024-10-08T11:59:10+00:00","breadcrumb":{"@id":"https:\/\/thewebdevpoint.com\/video\/artistice\/8675\/#breadcrumb"},"inLanguage":"fr-FR","potentialAction":[{"@type":"ReadAction","target":["https:\/\/thewebdevpoint.com\/video\/artistice\/8675\/"]}]},{"@type":"BreadcrumbList","@id":"https:\/\/thewebdevpoint.com\/video\/artistice\/8675\/#breadcrumb","itemListElement":[{"@type":"ListItem","position":1,"name":"Acas\u0103","item":"https:\/\/thewebdevpoint.com\/"},{"@type":"ListItem","position":2,"name":"Artistice"}]},{"@type":"WebSite","@id":"https:\/\/thewebdevpoint.com\/ro\/#website","url":"https:\/\/thewebdevpoint.com\/ro\/","name":"Peles Test","description":"","publisher":{"@id":"https:\/\/thewebdevpoint.com\/ro\/#organization"},"potentialAction":[{"@type":"SearchAction","target":{"@type":"EntryPoint","urlTemplate":"https:\/\/thewebdevpoint.com\/ro\/?s={search_term_string}"},"query-input":{"@type":"PropertyValueSpecification","valueRequired":true,"valueName":"search_term_string"}}],"inLanguage":"fr-FR"},{"@type":"Organization","@id":"https:\/\/thewebdevpoint.com\/ro\/#organization","name":"Muzeul Pele\u0219","alternateName":"MP","url":"https:\/\/thewebdevpoint.com\/ro\/","logo":{"@type":"ImageObject","inLanguage":"fr-FR","@id":"https:\/\/thewebdevpoint.com\/ro\/#\/schema\/logo\/image\/","url":"https:\/\/thewebdevpoint.com\/wp-content\/uploads\/2024\/10\/Logo.svg","contentUrl":"https:\/\/thewebdevpoint.com\/wp-content\/uploads\/2024\/10\/Logo.svg","width":251,"height":48,"caption":"Muzeul Pele\u0219"},"image":{"@id":"https:\/\/thewebdevpoint.com\/ro\/#\/schema\/logo\/image\/"}},{"@type":"Person","@id":"https:\/\/thewebdevpoint.com\/ro\/#\/schema\/person\/eaad1484e1392d3fc5d35c9d5a1f7488","name":"aysemariadav","image":{"@type":"ImageObject","inLanguage":"fr-FR","@id":"https:\/\/thewebdevpoint.com\/ro\/#\/schema\/person\/image\/","url":"https:\/\/secure.gravatar.com\/avatar\/a12b1c700676b68fee98499009c5f521?s=96&d=mm&r=g","contentUrl":"https:\/\/secure.gravatar.com\/avatar\/a12b1c700676b68fee98499009c5f521?s=96&d=mm&r=g","caption":"aysemariadav"},"sameAs":["http:\/\/pelestest.thepoint-agency.com"],"url":"https:\/\/thewebdevpoint.com\/fr\/author\/aysemariadav\/"}]}},"_links":{"self":[{"href":"https:\/\/thewebdevpoint.com\/fr\/wp-json\/wp\/v2\/posts\/8675","targetHints":{"allow":["GET"]}}],"collection":[{"href":"https:\/\/thewebdevpoint.com\/fr\/wp-json\/wp\/v2\/posts"}],"about":[{"href":"https:\/\/thewebdevpoint.com\/fr\/wp-json\/wp\/v2\/types\/post"}],"author":[{"embeddable":true,"href":"https:\/\/thewebdevpoint.com\/fr\/wp-json\/wp\/v2\/users\/1"}],"replies":[{"embeddable":true,"href":"https:\/\/thewebdevpoint.com\/fr\/wp-json\/wp\/v2\/comments?post=8675"}],"version-history":[{"count":0,"href":"https:\/\/thewebdevpoint.com\/fr\/wp-json\/wp\/v2\/posts\/8675\/revisions"}],"wp:attachment":[{"href":"https:\/\/thewebdevpoint.com\/fr\/wp-json\/wp\/v2\/media?parent=8675"}],"wp:term":[{"taxonomy":"category","embeddable":true,"href":"https:\/\/thewebdevpoint.com\/fr\/wp-json\/wp\/v2\/categories?post=8675"},{"taxonomy":"post_tag","embeddable":true,"href":"https:\/\/thewebdevpoint.com\/fr\/wp-json\/wp\/v2\/tags?post=8675"}],"curies":[{"name":"wp","href":"https:\/\/api.w.org\/{rel}","templated":true}]}}