{"id":8682,"date":"2024-10-08T11:59:10","date_gmt":"2024-10-08T11:59:10","guid":{"rendered":"https:\/\/pelestest.thepoint-agency.com\/acuarela-puiu\/"},"modified":"2024-10-08T11:59:10","modified_gmt":"2024-10-08T11:59:10","slug":"acuarela-puiu","status":"publish","type":"post","link":"https:\/\/thewebdevpoint.com\/fr\/patrimoniu\/acuarela-puiu\/8682\/","title":{"rendered":"Aquarelle \u00ab Poulet \u00bb"},"content":{"rendered":"<p>La reine \u00c9lisabeth de Roumanie (1843-1916) prit ses premiers cours de peinture d\u00e8s son enfance aupr\u00e8s de son p\u00e8re, le prince Hermann de Wied (1814-1864), lui-m\u00eame auteur passionn\u00e9 d&#039;aquarelles et de toiles. Hermann de Wied lui fit d\u00e9couvrir les secrets de cet art, lui enseignant les bases de l&#039;aquarelle, du dessin et de la peinture. Plus tard, \u00c9lisabeth fut recommand\u00e9e par la peintre suisse Ruth Mercier, aupr\u00e8s de laquelle elle approfondit ses connaissances, sans succ\u00e8s exceptionnel, comme la souveraine elle-m\u00eame l&#039;avouera. Sa vaste connaissance de l&#039;art, et plus particuli\u00e8rement de la peinture, lui permit d&#039;entrer \u00e0 l&#039;Acad\u00e9mie des Beaux-Arts de Berlin, o\u00f9 elle poursuivit sa passion sous la direction attentive du professeur Waagen.<\/p>\n<p>\u00c9lisabeth peignit principalement des sc\u00e8nes religieuses. Parmi ses cr\u00e9ations, une table d\u00e9corative est conserv\u00e9e au ch\u00e2teau de Peles, dont le plateau circulaire fut peint par la reine en registres concentriques. La sc\u00e8ne repr\u00e9sente <em>J\u00e9sus Pantocrator, <\/em>Entour\u00e9 de ch\u00e9rubins, de personnages et de sc\u00e8nes bibliques, le tableau a \u00e9t\u00e9 r\u00e9alis\u00e9 au ch\u00e2teau de Segenhaus, en Allemagne, en 1892, pendant l&#039;exil impos\u00e9 par le roi Carol. La chapelle de la chambre royale, \u00e0 l&#039;\u00e9tage, a probablement \u00e9t\u00e9 peinte \u00e9galement par la reine vers 1900, avec des sc\u00e8nes repr\u00e9sentant des anges musiciens.<\/p>\n<p><img fetchpriority=\"high\" decoding=\"async\" class=\"alignleft size-medium wp-image-1502\" title=\"Aquarelle &quot;Poulet&quot;\" src=\"https:\/\/web.archive.org\/web\/20150822020004im_\/https:\/\/pelestest.thepoint-agency.com\/wp-content\/uploads\/2011\/03\/7799_2-300x180.jpg\" alt=\"Acuarela &quot;Puiu&quot;\" width=\"300\" height=\"180\" \/>La reine \u00c9lisabeth a \u00e9galement d\u00e9cor\u00e9 deux \u00e9vangiles d&#039;enluminures\u00a0: l&#039;une offerte au monast\u00e8re de Sinaia et l&#039;autre \u00e0 celui de Curtea de Arges. Il semble que ce soit l\u00e0 son domaine d&#039;excellence.<\/p>\n<p>Dans la collection du ch\u00e2teau de Peles, un manuscrit est conserv\u00e9 avec <em>B\u00e9atitudes <\/em>du Nouveau Testament, d\u00e9cor\u00e9 par la reine en collaboration avec le peintre Otilia Mihail Otetelesanu, dont les couvertures en argent, cabochons et ivoire sculpt\u00e9 furent r\u00e9alis\u00e9es \u00e0 Bucarest, par l&#039;atelier Radivon. Ce manuscrit, r\u00e9alis\u00e9 en 1913, fut offert au roi Carol Ier \u00e0 l&#039;occasion de son 74e anniversaire.<\/p>\n<p>L&#039;autre manuscrit, qui contient des pages de journal \u00e9crites en allemand gothique peu apr\u00e8s la mort de Maria, est dat\u00e9 de 1874. Les couvertures du manuscrit ont \u00e9t\u00e9 r\u00e9alis\u00e9es par l&#039;atelier Hancock \u00e0 Londres, le corps du livre \u00e9tant une cr\u00e9ation de la reine \u00c9lisabeth et de la peintre Laetitia Witzleben. Le manuscrit appara\u00eet sur des photographies de la reine Maria lors de son couronnement.<\/p>\n<p>En 1878, la reine a cr\u00e9\u00e9 une huile sur toile intitul\u00e9e <em>Composition<\/em>, dans lequel il exerce son talent pour la nature morte.<\/p>\n<p>En 1884, la reine \u00c9lisabeth fut accueillie au sein de l&#039;Acad\u00e9mie roumaine. Enthousiasm\u00e9e et flatt\u00e9e, la premi\u00e8re reine de Roumanie, po\u00e9tesse internationalement reconnue, devint <em>Carmen Sylva<\/em> pour son \u0153uvre vari\u00e9e et sensible, elle se pr\u00e9sente devant le plus haut forum culturel avec le texte de l&#039;all\u00e9gorie <em>&quot;Poulet&quot;<\/em>. \u00c9criture d&#039;une grande subtilit\u00e9, dans laquelle il exprime les aspirations politiques les plus ardentes de son pays d&#039;adoption dans un langage po\u00e9tique, charg\u00e9 de m\u00e9taphores,<em> &quot;Poulet&quot; <\/em>devient le sujet d&#039;une aquarelle inspir\u00e9e, qui trouve aujourd&#039;hui sa place dans l&#039;Ancienne Salle de Musique du Ch\u00e2teau de Peles.<\/p>\n<p><img decoding=\"async\" class=\"alignleft size-medium wp-image-1503\" title=\"Aquarelle &quot;Poulet&quot;\" src=\"https:\/\/web.archive.org\/web\/20150822020004im_\/https:\/\/pelestest.thepoint-agency.com\/wp-content\/uploads\/2011\/03\/7799_3-300x78.jpg\" alt=\"Acuarela &quot;Puiu&quot;\" width=\"300\" height=\"78\" \/>Dans une composition verticale, la talentueuse reine a peint une jeune paysanne en costume folklorique, avec une couronne de fleurs sur la t\u00eate et de longs cheveux l\u00e2chement attach\u00e9s en arri\u00e8re, qu&#039;elle a immortalis\u00e9s dans un geste de contemplation de l&#039;horizon.<\/p>\n<p>Personnification de la Roumanie, r\u00e9cemment lib\u00e9r\u00e9e de la domination oppressive turque, suite \u00e0 la guerre d&#039;ind\u00e9pendance men\u00e9e par le roi Carol Ier entre 1877 et 1878, \u00a0<em>,,<\/em><em>Poulet&quot; - <\/em>le surnom du personnage \u2013<em> \u00ab Il leva son regard au loin, vers le ciel, et dans ses yeux r\u00eaveurs, un grand avenir apparut. \u00bb<\/em><\/p>\n<p>Dans la palette chromatique de bleu, de vert, de nuances de brun et de gris color\u00e9s, la reine artiste reproduit minutieusement les caract\u00e8res gothiques du texte de l&#039;all\u00e9gorie, dans un cadre r\u00e9ussi de motifs inspir\u00e9s de la couture roumaine, auxquels elle ajoute, d&#039;une main experte, des guirlandes artisanales de tr\u00e8fle, symbole universel de chance.<\/p>\n<h4>Liliana Manoliu,\u00a0<small>conservateur<\/small><\/h4>","protected":false},"excerpt":{"rendered":"<p>La reine \u00c9lisabeth de Roumanie (1843-1916) prit ses premiers cours de peinture d\u00e8s son enfance aupr\u00e8s de son p\u00e8re, le prince Hermann de Wied (1814-1864), lui-m\u00eame auteur inspir\u00e9 par l&#039;aquarelle et la toile. Hermann de Wied lui fit d\u00e9couvrir les secrets de cet art, lui enseignant les bases de l&#039;aquarelle, du dessin et de la peinture. Plus tard, [\u2026]<\/p>","protected":false},"author":1,"featured_media":0,"comment_status":"open","ping_status":"open","sticky":false,"template":"","format":"standard","meta":{"_acf_changed":false,"footnotes":""},"categories":[263,259],"tags":[129],"class_list":["post-8682","post","type-post","status-publish","format-standard","hentry","category-arta-plastica","category-patrimoniu","tag-colectia-de-arta-plasticaregina-elisabeta"],"acf":[],"yoast_head":"<!-- This site is optimized with the Yoast SEO plugin v24.1 - https:\/\/yoast.com\/wordpress\/plugins\/seo\/ -->\n<title>Acuarela \u201cPuiu\u201d &#183; Peles Test<\/title>\n<meta name=\"robots\" content=\"noindex, follow, max-snippet:-1, max-image-preview:large, max-video-preview:-1\" \/>\n<script type=\"application\/ld+json\" class=\"yoast-schema-graph\">{\"@context\":\"https:\/\/schema.org\",\"@graph\":[{\"@type\":\"Article\",\"@id\":\"https:\/\/thewebdevpoint.com\/patrimoniu\/acuarela-puiu\/8682\/#article\",\"isPartOf\":{\"@id\":\"https:\/\/thewebdevpoint.com\/patrimoniu\/acuarela-puiu\/8682\/\"},\"author\":{\"name\":\"aysemariadav\",\"@id\":\"https:\/\/thewebdevpoint.com\/ro\/#\/schema\/person\/eaad1484e1392d3fc5d35c9d5a1f7488\"},\"headline\":\"Acuarela \u201cPuiu\u201d\",\"datePublished\":\"2024-10-08T11:59:10+00:00\",\"dateModified\":\"2024-10-08T11:59:10+00:00\",\"mainEntityOfPage\":{\"@id\":\"https:\/\/thewebdevpoint.com\/patrimoniu\/acuarela-puiu\/8682\/\"},\"wordCount\":577,\"commentCount\":0,\"publisher\":{\"@id\":\"https:\/\/thewebdevpoint.com\/ro\/#organization\"},\"image\":{\"@id\":\"https:\/\/thewebdevpoint.com\/patrimoniu\/acuarela-puiu\/8682\/#primaryimage\"},\"thumbnailUrl\":\"https:\/\/web.archive.org\/web\/20150822020004im_\/https:\/\/pelestest.thepoint-agency.com\/wp-content\/uploads\/2011\/03\/7799_2-300x180.jpg\",\"keywords\":[\"colectia de arta plastica|regina elisabeta\"],\"articleSection\":[\"Arta Plastica\",\"Patrimoniu\"],\"inLanguage\":\"fr-FR\",\"potentialAction\":[{\"@type\":\"CommentAction\",\"name\":\"Comment\",\"target\":[\"https:\/\/thewebdevpoint.com\/patrimoniu\/acuarela-puiu\/8682\/#respond\"]}]},{\"@type\":\"WebPage\",\"@id\":\"https:\/\/thewebdevpoint.com\/patrimoniu\/acuarela-puiu\/8682\/\",\"url\":\"https:\/\/thewebdevpoint.com\/patrimoniu\/acuarela-puiu\/8682\/\",\"name\":\"Acuarela \u201cPuiu\u201d &#183; Peles Test\",\"isPartOf\":{\"@id\":\"https:\/\/thewebdevpoint.com\/ro\/#website\"},\"primaryImageOfPage\":{\"@id\":\"https:\/\/thewebdevpoint.com\/patrimoniu\/acuarela-puiu\/8682\/#primaryimage\"},\"image\":{\"@id\":\"https:\/\/thewebdevpoint.com\/patrimoniu\/acuarela-puiu\/8682\/#primaryimage\"},\"thumbnailUrl\":\"https:\/\/web.archive.org\/web\/20150822020004im_\/https:\/\/pelestest.thepoint-agency.com\/wp-content\/uploads\/2011\/03\/7799_2-300x180.jpg\",\"datePublished\":\"2024-10-08T11:59:10+00:00\",\"dateModified\":\"2024-10-08T11:59:10+00:00\",\"breadcrumb\":{\"@id\":\"https:\/\/thewebdevpoint.com\/patrimoniu\/acuarela-puiu\/8682\/#breadcrumb\"},\"inLanguage\":\"fr-FR\",\"potentialAction\":[{\"@type\":\"ReadAction\",\"target\":[\"https:\/\/thewebdevpoint.com\/patrimoniu\/acuarela-puiu\/8682\/\"]}]},{\"@type\":\"ImageObject\",\"inLanguage\":\"fr-FR\",\"@id\":\"https:\/\/thewebdevpoint.com\/patrimoniu\/acuarela-puiu\/8682\/#primaryimage\",\"url\":\"https:\/\/web.archive.org\/web\/20150822020004im_\/https:\/\/pelestest.thepoint-agency.com\/wp-content\/uploads\/2011\/03\/7799_2-300x180.jpg\",\"contentUrl\":\"https:\/\/web.archive.org\/web\/20150822020004im_\/https:\/\/pelestest.thepoint-agency.com\/wp-content\/uploads\/2011\/03\/7799_2-300x180.jpg\"},{\"@type\":\"BreadcrumbList\",\"@id\":\"https:\/\/thewebdevpoint.com\/patrimoniu\/acuarela-puiu\/8682\/#breadcrumb\",\"itemListElement\":[{\"@type\":\"ListItem\",\"position\":1,\"name\":\"Acas\u0103\",\"item\":\"https:\/\/thewebdevpoint.com\/\"},{\"@type\":\"ListItem\",\"position\":2,\"name\":\"Acuarela \u201cPuiu\u201d\"}]},{\"@type\":\"WebSite\",\"@id\":\"https:\/\/thewebdevpoint.com\/ro\/#website\",\"url\":\"https:\/\/thewebdevpoint.com\/ro\/\",\"name\":\"Peles Test\",\"description\":\"\",\"publisher\":{\"@id\":\"https:\/\/thewebdevpoint.com\/ro\/#organization\"},\"potentialAction\":[{\"@type\":\"SearchAction\",\"target\":{\"@type\":\"EntryPoint\",\"urlTemplate\":\"https:\/\/thewebdevpoint.com\/ro\/?s={search_term_string}\"},\"query-input\":{\"@type\":\"PropertyValueSpecification\",\"valueRequired\":true,\"valueName\":\"search_term_string\"}}],\"inLanguage\":\"fr-FR\"},{\"@type\":\"Organization\",\"@id\":\"https:\/\/thewebdevpoint.com\/ro\/#organization\",\"name\":\"Muzeul Pele\u0219\",\"alternateName\":\"MP\",\"url\":\"https:\/\/thewebdevpoint.com\/ro\/\",\"logo\":{\"@type\":\"ImageObject\",\"inLanguage\":\"fr-FR\",\"@id\":\"https:\/\/thewebdevpoint.com\/ro\/#\/schema\/logo\/image\/\",\"url\":\"https:\/\/thewebdevpoint.com\/wp-content\/uploads\/2024\/10\/Logo.svg\",\"contentUrl\":\"https:\/\/thewebdevpoint.com\/wp-content\/uploads\/2024\/10\/Logo.svg\",\"width\":251,\"height\":48,\"caption\":\"Muzeul Pele\u0219\"},\"image\":{\"@id\":\"https:\/\/thewebdevpoint.com\/ro\/#\/schema\/logo\/image\/\"}},{\"@type\":\"Person\",\"@id\":\"https:\/\/thewebdevpoint.com\/ro\/#\/schema\/person\/eaad1484e1392d3fc5d35c9d5a1f7488\",\"name\":\"aysemariadav\",\"image\":{\"@type\":\"ImageObject\",\"inLanguage\":\"fr-FR\",\"@id\":\"https:\/\/thewebdevpoint.com\/ro\/#\/schema\/person\/image\/\",\"url\":\"https:\/\/secure.gravatar.com\/avatar\/a12b1c700676b68fee98499009c5f521?s=96&d=mm&r=g\",\"contentUrl\":\"https:\/\/secure.gravatar.com\/avatar\/a12b1c700676b68fee98499009c5f521?s=96&d=mm&r=g\",\"caption\":\"aysemariadav\"},\"sameAs\":[\"http:\/\/pelestest.thepoint-agency.com\"],\"url\":\"https:\/\/thewebdevpoint.com\/fr\/author\/aysemariadav\/\"}]}<\/script>\n<!-- \/ Yoast SEO plugin. -->","yoast_head_json":{"title":"Acuarela \u201cPuiu\u201d &#183; Peles Test","robots":{"index":"noindex","follow":"follow","max-snippet":"max-snippet:-1","max-image-preview":"max-image-preview:large","max-video-preview":"max-video-preview:-1"},"schema":{"@context":"https:\/\/schema.org","@graph":[{"@type":"Article","@id":"https:\/\/thewebdevpoint.com\/patrimoniu\/acuarela-puiu\/8682\/#article","isPartOf":{"@id":"https:\/\/thewebdevpoint.com\/patrimoniu\/acuarela-puiu\/8682\/"},"author":{"name":"aysemariadav","@id":"https:\/\/thewebdevpoint.com\/ro\/#\/schema\/person\/eaad1484e1392d3fc5d35c9d5a1f7488"},"headline":"Acuarela \u201cPuiu\u201d","datePublished":"2024-10-08T11:59:10+00:00","dateModified":"2024-10-08T11:59:10+00:00","mainEntityOfPage":{"@id":"https:\/\/thewebdevpoint.com\/patrimoniu\/acuarela-puiu\/8682\/"},"wordCount":577,"commentCount":0,"publisher":{"@id":"https:\/\/thewebdevpoint.com\/ro\/#organization"},"image":{"@id":"https:\/\/thewebdevpoint.com\/patrimoniu\/acuarela-puiu\/8682\/#primaryimage"},"thumbnailUrl":"https:\/\/web.archive.org\/web\/20150822020004im_\/https:\/\/pelestest.thepoint-agency.com\/wp-content\/uploads\/2011\/03\/7799_2-300x180.jpg","keywords":["colectia de arta plastica|regina elisabeta"],"articleSection":["Arta Plastica","Patrimoniu"],"inLanguage":"fr-FR","potentialAction":[{"@type":"CommentAction","name":"Comment","target":["https:\/\/thewebdevpoint.com\/patrimoniu\/acuarela-puiu\/8682\/#respond"]}]},{"@type":"WebPage","@id":"https:\/\/thewebdevpoint.com\/patrimoniu\/acuarela-puiu\/8682\/","url":"https:\/\/thewebdevpoint.com\/patrimoniu\/acuarela-puiu\/8682\/","name":"Acuarela \u201cPuiu\u201d &#183; Peles Test","isPartOf":{"@id":"https:\/\/thewebdevpoint.com\/ro\/#website"},"primaryImageOfPage":{"@id":"https:\/\/thewebdevpoint.com\/patrimoniu\/acuarela-puiu\/8682\/#primaryimage"},"image":{"@id":"https:\/\/thewebdevpoint.com\/patrimoniu\/acuarela-puiu\/8682\/#primaryimage"},"thumbnailUrl":"https:\/\/web.archive.org\/web\/20150822020004im_\/https:\/\/pelestest.thepoint-agency.com\/wp-content\/uploads\/2011\/03\/7799_2-300x180.jpg","datePublished":"2024-10-08T11:59:10+00:00","dateModified":"2024-10-08T11:59:10+00:00","breadcrumb":{"@id":"https:\/\/thewebdevpoint.com\/patrimoniu\/acuarela-puiu\/8682\/#breadcrumb"},"inLanguage":"fr-FR","potentialAction":[{"@type":"ReadAction","target":["https:\/\/thewebdevpoint.com\/patrimoniu\/acuarela-puiu\/8682\/"]}]},{"@type":"ImageObject","inLanguage":"fr-FR","@id":"https:\/\/thewebdevpoint.com\/patrimoniu\/acuarela-puiu\/8682\/#primaryimage","url":"https:\/\/web.archive.org\/web\/20150822020004im_\/https:\/\/pelestest.thepoint-agency.com\/wp-content\/uploads\/2011\/03\/7799_2-300x180.jpg","contentUrl":"https:\/\/web.archive.org\/web\/20150822020004im_\/https:\/\/pelestest.thepoint-agency.com\/wp-content\/uploads\/2011\/03\/7799_2-300x180.jpg"},{"@type":"BreadcrumbList","@id":"https:\/\/thewebdevpoint.com\/patrimoniu\/acuarela-puiu\/8682\/#breadcrumb","itemListElement":[{"@type":"ListItem","position":1,"name":"Acas\u0103","item":"https:\/\/thewebdevpoint.com\/"},{"@type":"ListItem","position":2,"name":"Acuarela \u201cPuiu\u201d"}]},{"@type":"WebSite","@id":"https:\/\/thewebdevpoint.com\/ro\/#website","url":"https:\/\/thewebdevpoint.com\/ro\/","name":"Peles Test","description":"","publisher":{"@id":"https:\/\/thewebdevpoint.com\/ro\/#organization"},"potentialAction":[{"@type":"SearchAction","target":{"@type":"EntryPoint","urlTemplate":"https:\/\/thewebdevpoint.com\/ro\/?s={search_term_string}"},"query-input":{"@type":"PropertyValueSpecification","valueRequired":true,"valueName":"search_term_string"}}],"inLanguage":"fr-FR"},{"@type":"Organization","@id":"https:\/\/thewebdevpoint.com\/ro\/#organization","name":"Muzeul Pele\u0219","alternateName":"MP","url":"https:\/\/thewebdevpoint.com\/ro\/","logo":{"@type":"ImageObject","inLanguage":"fr-FR","@id":"https:\/\/thewebdevpoint.com\/ro\/#\/schema\/logo\/image\/","url":"https:\/\/thewebdevpoint.com\/wp-content\/uploads\/2024\/10\/Logo.svg","contentUrl":"https:\/\/thewebdevpoint.com\/wp-content\/uploads\/2024\/10\/Logo.svg","width":251,"height":48,"caption":"Muzeul Pele\u0219"},"image":{"@id":"https:\/\/thewebdevpoint.com\/ro\/#\/schema\/logo\/image\/"}},{"@type":"Person","@id":"https:\/\/thewebdevpoint.com\/ro\/#\/schema\/person\/eaad1484e1392d3fc5d35c9d5a1f7488","name":"aysemariadav","image":{"@type":"ImageObject","inLanguage":"fr-FR","@id":"https:\/\/thewebdevpoint.com\/ro\/#\/schema\/person\/image\/","url":"https:\/\/secure.gravatar.com\/avatar\/a12b1c700676b68fee98499009c5f521?s=96&d=mm&r=g","contentUrl":"https:\/\/secure.gravatar.com\/avatar\/a12b1c700676b68fee98499009c5f521?s=96&d=mm&r=g","caption":"aysemariadav"},"sameAs":["http:\/\/pelestest.thepoint-agency.com"],"url":"https:\/\/thewebdevpoint.com\/fr\/author\/aysemariadav\/"}]}},"_links":{"self":[{"href":"https:\/\/thewebdevpoint.com\/fr\/wp-json\/wp\/v2\/posts\/8682","targetHints":{"allow":["GET"]}}],"collection":[{"href":"https:\/\/thewebdevpoint.com\/fr\/wp-json\/wp\/v2\/posts"}],"about":[{"href":"https:\/\/thewebdevpoint.com\/fr\/wp-json\/wp\/v2\/types\/post"}],"author":[{"embeddable":true,"href":"https:\/\/thewebdevpoint.com\/fr\/wp-json\/wp\/v2\/users\/1"}],"replies":[{"embeddable":true,"href":"https:\/\/thewebdevpoint.com\/fr\/wp-json\/wp\/v2\/comments?post=8682"}],"version-history":[{"count":0,"href":"https:\/\/thewebdevpoint.com\/fr\/wp-json\/wp\/v2\/posts\/8682\/revisions"}],"wp:attachment":[{"href":"https:\/\/thewebdevpoint.com\/fr\/wp-json\/wp\/v2\/media?parent=8682"}],"wp:term":[{"taxonomy":"category","embeddable":true,"href":"https:\/\/thewebdevpoint.com\/fr\/wp-json\/wp\/v2\/categories?post=8682"},{"taxonomy":"post_tag","embeddable":true,"href":"https:\/\/thewebdevpoint.com\/fr\/wp-json\/wp\/v2\/tags?post=8682"}],"curies":[{"name":"wp","href":"https:\/\/api.w.org\/{rel}","templated":true}]}}