{"id":8683,"date":"2024-10-08T11:59:10","date_gmt":"2024-10-08T11:59:10","guid":{"rendered":"https:\/\/pelestest.thepoint-agency.com\/bustul-reginei-elisabeta\/"},"modified":"2024-10-08T11:59:10","modified_gmt":"2024-10-08T11:59:10","slug":"bustul-reginei-elisabeta","status":"publish","type":"post","link":"https:\/\/thewebdevpoint.com\/fr\/patrimoniu\/bustul-reginei-elisabeta\/8683\/","title":{"rendered":"Buste de la reine Elizabeth"},"content":{"rendered":"<p>[stag_toggle style=\u201dnormal\u201d title=\u201dD\u00e9tails de la pi\u00e8ce\u201d state=\u201dclosed\u201d]Buste de la reine \u00c9lisabeth<br>Vladimir Hegel, 1891<br>marbre blanc<br>Sign\u00e9 et dat\u00e9 sur la base<br>I\u00a0: 70\u00a0cm\u00a0; L\u00a0\u2013 50\u00a0cm[\/stag_toggle]<\/p>\n<p>En 1891, Hegel cr\u00e9a le buste de la reine \u00c9lisabeth en marbre blanc. Cette \u0153uvre fait partie d&#039;une s\u00e9rie de bustes destin\u00e9s \u00e0 incarner des figures culturelles et politiques de l&#039;\u00e9poque, \u00e0 laquelle participa \u00e9galement l&#039;artiste Wladimir Hegel.<\/p>\n<p>Le buste en marbre blanc repr\u00e9sente, de face, la reine \u00c9lisabeth, premi\u00e8re souveraine de Roumanie (1869-1916), v\u00eatue d&#039;un costume de la fin du XIXe si\u00e8cle et coiff\u00e9e d&#039;un petit diad\u00e8me. En bas \u00e0 gauche (sur le socle) figurent la signature de l&#039;auteur et la date\u00a0: \u00ab\u00a0W. Hegel, 1891\u00a0\u00bb.<\/p>\n<p>Le fait que le sculpteur ait approch\u00e9 la Cour royale, connaissant les go\u00fbts artistiques exquis de la reine \u00c9lisabeth et du roi Carol Ier, prouve la renomm\u00e9e dont Wladimir Hegel jouissait dans le monde artistique, ainsi que parmi les protipendiaires roumains, depuis le tournant des deux si\u00e8cles.<\/p>\n<p>Wladimir Hegel, \u00e9minent repr\u00e9sentant du n\u00e9oclassicisme roumain (1839-1918), est issu d&#039;une ancienne famille de sculpteurs polonais, install\u00e9s dans son nouveau pays d&#039;adoption, l&#039;Autriche. En Roumanie, W. Hegel \u00e9tait consid\u00e9r\u00e9 comme allemand par son nom\u00a0; il n&#039;est donc pas surprenant qu&#039;une fois install\u00e9 \u00e0 D\u00e2mbovi\u0163a, il soit devenu un ami proche du roi Carol Ier et de la reine \u00c9lisabeth. Cependant, son arri\u00e8re-grand-p\u00e8re, J\u00f3zef Hegel, son grand-p\u00e8re, Antoni, et son p\u00e8re, Konstanty Hegel, \u00e9taient tous deux des sculpteurs professionnels, \u00e9troitement li\u00e9s \u00e0 la culture polonaise.<\/p>\n<p>L&#039;activit\u00e9 du jeune sculpteur Wladimir (W\u0142odzimierz en polonais) nous est moins connue. Il semble qu&#039;apr\u00e8s des \u00e9tudes approfondies en Allemagne et \u00e0 Paris, il fut connu par l&#039;\u00e9crivain V.A. Urechia, homme de culture et homme d&#039;\u00c9tat roumain, qui re\u00e7ut en 1873, en hommage \u00e0 sa participation au Congr\u00e8s de la Latinit\u00e9 \u00e0 Paris, une statuette r\u00e9alis\u00e9e par le sculpteur Hegel. Cet objet inspira au s\u00e9nateur de l&#039;\u00e9poque l&#039;envie de faire campagne pour sa venue en Roumanie. L&#039;influent homme d&#039;\u00c9tat roumain soutiendra intens\u00e9ment Hegel non seulement pour sa venue \u00e0 Bucarest, mais aussi pour la r\u00e9alisation de certains projets \u00e0 l&#039;ordre du jour de l&#039;\u00e9poque, un projet d&#039;une importance capitale au niveau national. Les encouragements d&#039;Urechia permirent au sculpteur d&#039;attirer rapidement l&#039;attention des ind\u00e9pendantistes roumains, mais aussi de l&#039;opinion publique.<\/p>\n<p>Wladimir Hegel s&#039;installe \u00e0 Bucarest en 1885 et s&#039;\u00e9tablit comme p\u00e9dagogue et professeur \u00e0 l&#039;\u00c9cole des Arts et M\u00e9tiers, et en 1898 il devient professeur de sculpture et de dessin \u00e0 l&#039;Acad\u00e9mie des Beaux-Arts de la capitale roumaine, apr\u00e8s la mort pr\u00e9matur\u00e9e d&#039;Ion Georgescu.<\/p>\n<p>Sous la direction de Hegel, il \u00e9tudia \u00e9galement, entre 1898 et 1902, Constantin Br\u00e2ncu\u015fi, le sculpteur qui allait renouveler la sculpture moderne du XXe si\u00e8cle, tant en termes de valeurs que d&#039;autres. Br\u00e2ncu\u015fi cr\u00e9a ensuite, avec l&#039;aide du Dr Dimitrie Gerota, l&#039;\u0153uvre qui repr\u00e9sentait l&#039;\u00e9tude du corps humain\u00a0: Ecor\u015feu, qui re\u00e7ut une m\u00e9daille de bronze.<\/p>\n<p>W. Hegel fut le \u00ab p\u00e8re et le ma\u00eetre \u00bb du sculpteur Dimitrie Paciurea, lui inculquant le culte de la forme, le soutenant pour poursuivre ses \u00e9tudes \u00e0 Paris.<\/p>\n<p>On note \u00e9galement que l&#039;artiste polonais, comme beaucoup de ses compatriotes, s&#039;est merveilleusement adapt\u00e9 \u00e0 l&#039;environnement roumain ; il a cr\u00e9\u00e9 des \u0153uvres monumentales de grande envergure, qui ont sans aucun doute enrichi le patrimoine culturel national, avec des \u0153uvres qui se sont impos\u00e9es \u00e0 la post\u00e9rit\u00e9, la plupart d&#039;entre elles de style n\u00e9oclassique, dont la statue de Miron Costin \u00e0 Ia\u0219i (1888), appr\u00e9ci\u00e9e par Nicolae Tonitza comme :<\/p>\n<p>\u00ab La statue la plus r\u00e9ussie jamais \u00e9rig\u00e9e sur le territoire de Valachie \u00bb<\/p>\n<p>\u00c0 partir de 1893, Hegel se consacra \u00e0 la cr\u00e9ation de sculptures d\u00e9di\u00e9es \u00e0 Mihail Kog\u0103lniceanu, qu&#039;il r\u00e9alisa \u00e0 Gala\u0163i, Ia\u015fi, Piatra Neam\u0163 et Dorohoi. On sait que l&#039;historien posa pour l&#039;artiste \u00e0 Constan\u0163a pour la cr\u00e9ation d&#039;un buste, et r\u00e9alisa \u00e9galement un masque en pl\u00e2tre pour lui. Le buste en bronze patin\u00e9 de Kog\u0103lniceanu est conserv\u00e9 \u00e0 l&#039;Acad\u00e9mie roumaine.<\/p>\n<p>En 1894, la mairie de Bac\u0103u a command\u00e9 \u00e0 W. Hegel la cr\u00e9ation d&#039;un buste de Vasile Alecsandri.<br \/>\nL&#039;\u00e9chec du projet h\u00e9g\u00e9lien d&#039;\u00e9riger un monument d\u00e9di\u00e9 \u00e0 l&#039;Ind\u00e9pendance, sous la forme d&#039;une colonne de 40 m\u00e8tres de haut, apparemment inspir\u00e9e de la colonne Trajane, au-dessus de laquelle devait tr\u00f4ner la statue de la Roumanie victorieuse, constitue une perte pour l&#039;art monumental roumain. Il n&#039;abandonna pas d\u00e9finitivement l&#039;id\u00e9e, puisque l&#039;\u0153uvre \u00ab\u00a0Colonne comm\u00e9morative\u00a0\u00bb, coul\u00e9e et cisel\u00e9e en 1903, est conserv\u00e9e au patrimoine artistique du Mus\u00e9e national Pele\u0219.<\/p>\n<p>Prises dans leur ensemble, les \u0153uvres de Wladimir Hegel ont marqu\u00e9 un moment de r\u00e9f\u00e9rence dans l&#039;art monumental roumain de la fin du XIXe si\u00e8cle et du d\u00e9but du XXe si\u00e8cle, en tant que domaine de port\u00e9e et d&#039;expression difficile \u00e0 d\u00e9passer.<\/p>\n<h4>Liliana Manoliu,<small> conservateur<\/small><\/h4>","protected":false},"excerpt":{"rendered":"<p>[stag_toggle style=\u201dnormal\u201d title=\u201dD\u00e9tails de la pi\u00e8ce\u201d state=\u201dclosed\u201d]Buste de la reine \u00c9lisabeth Wladimir Hegel, 1891, marbre blanc. Sign\u00e9 et dat\u00e9 sur la base. L\u00a0: 70\u00a0cm\u00a0; L\u00a0: 50\u00a0cm.[\/stag_toggle] En 1891, Hegel cr\u00e9e le buste de la reine \u00c9lisabeth en marbre blanc. Cette \u0153uvre fait partie d\u2019une s\u00e9rie de bustes destin\u00e9s \u00e0 incarner des personnalit\u00e9s culturelles et politiques de l\u2019\u00e9poque, dans lesquels l\u2019artiste [\u2026]<\/p>","protected":false},"author":1,"featured_media":0,"comment_status":"open","ping_status":"open","sticky":false,"template":"","format":"standard","meta":{"_acf_changed":false,"footnotes":""},"categories":[263,259],"tags":[130],"class_list":["post-8683","post","type-post","status-publish","format-standard","hentry","category-arta-plastica","category-patrimoniu","tag-colectia-de-arta-plasticaregina-elisabetasculpturawladimir-hegel"],"acf":[],"yoast_head":"<!-- This site is optimized with the Yoast SEO plugin v24.1 - https:\/\/yoast.com\/wordpress\/plugins\/seo\/ -->\n<title>Bustul Reginei Elisabeta &#183; Peles Test<\/title>\n<meta name=\"robots\" content=\"noindex, follow, max-snippet:-1, max-image-preview:large, max-video-preview:-1\" \/>\n<script type=\"application\/ld+json\" class=\"yoast-schema-graph\">{\"@context\":\"https:\/\/schema.org\",\"@graph\":[{\"@type\":\"Article\",\"@id\":\"https:\/\/thewebdevpoint.com\/patrimoniu\/bustul-reginei-elisabeta\/8683\/#article\",\"isPartOf\":{\"@id\":\"https:\/\/thewebdevpoint.com\/patrimoniu\/bustul-reginei-elisabeta\/8683\/\"},\"author\":{\"name\":\"aysemariadav\",\"@id\":\"https:\/\/thewebdevpoint.com\/ro\/#\/schema\/person\/eaad1484e1392d3fc5d35c9d5a1f7488\"},\"headline\":\"Bustul Reginei Elisabeta\",\"datePublished\":\"2024-10-08T11:59:10+00:00\",\"dateModified\":\"2024-10-08T11:59:10+00:00\",\"mainEntityOfPage\":{\"@id\":\"https:\/\/thewebdevpoint.com\/patrimoniu\/bustul-reginei-elisabeta\/8683\/\"},\"wordCount\":839,\"commentCount\":0,\"publisher\":{\"@id\":\"https:\/\/thewebdevpoint.com\/ro\/#organization\"},\"keywords\":[\"colectia de arta plastica|regina elisabeta|sculptura|Wladimir Hegel\"],\"articleSection\":[\"Arta Plastica\",\"Patrimoniu\"],\"inLanguage\":\"fr-FR\",\"potentialAction\":[{\"@type\":\"CommentAction\",\"name\":\"Comment\",\"target\":[\"https:\/\/thewebdevpoint.com\/patrimoniu\/bustul-reginei-elisabeta\/8683\/#respond\"]}]},{\"@type\":\"WebPage\",\"@id\":\"https:\/\/thewebdevpoint.com\/patrimoniu\/bustul-reginei-elisabeta\/8683\/\",\"url\":\"https:\/\/thewebdevpoint.com\/patrimoniu\/bustul-reginei-elisabeta\/8683\/\",\"name\":\"Bustul Reginei Elisabeta &#183; Peles Test\",\"isPartOf\":{\"@id\":\"https:\/\/thewebdevpoint.com\/ro\/#website\"},\"datePublished\":\"2024-10-08T11:59:10+00:00\",\"dateModified\":\"2024-10-08T11:59:10+00:00\",\"breadcrumb\":{\"@id\":\"https:\/\/thewebdevpoint.com\/patrimoniu\/bustul-reginei-elisabeta\/8683\/#breadcrumb\"},\"inLanguage\":\"fr-FR\",\"potentialAction\":[{\"@type\":\"ReadAction\",\"target\":[\"https:\/\/thewebdevpoint.com\/patrimoniu\/bustul-reginei-elisabeta\/8683\/\"]}]},{\"@type\":\"BreadcrumbList\",\"@id\":\"https:\/\/thewebdevpoint.com\/patrimoniu\/bustul-reginei-elisabeta\/8683\/#breadcrumb\",\"itemListElement\":[{\"@type\":\"ListItem\",\"position\":1,\"name\":\"Acas\u0103\",\"item\":\"https:\/\/thewebdevpoint.com\/\"},{\"@type\":\"ListItem\",\"position\":2,\"name\":\"Bustul Reginei Elisabeta\"}]},{\"@type\":\"WebSite\",\"@id\":\"https:\/\/thewebdevpoint.com\/ro\/#website\",\"url\":\"https:\/\/thewebdevpoint.com\/ro\/\",\"name\":\"Peles Test\",\"description\":\"\",\"publisher\":{\"@id\":\"https:\/\/thewebdevpoint.com\/ro\/#organization\"},\"potentialAction\":[{\"@type\":\"SearchAction\",\"target\":{\"@type\":\"EntryPoint\",\"urlTemplate\":\"https:\/\/thewebdevpoint.com\/ro\/?s={search_term_string}\"},\"query-input\":{\"@type\":\"PropertyValueSpecification\",\"valueRequired\":true,\"valueName\":\"search_term_string\"}}],\"inLanguage\":\"fr-FR\"},{\"@type\":\"Organization\",\"@id\":\"https:\/\/thewebdevpoint.com\/ro\/#organization\",\"name\":\"Muzeul Pele\u0219\",\"alternateName\":\"MP\",\"url\":\"https:\/\/thewebdevpoint.com\/ro\/\",\"logo\":{\"@type\":\"ImageObject\",\"inLanguage\":\"fr-FR\",\"@id\":\"https:\/\/thewebdevpoint.com\/ro\/#\/schema\/logo\/image\/\",\"url\":\"https:\/\/thewebdevpoint.com\/wp-content\/uploads\/2024\/10\/Logo.svg\",\"contentUrl\":\"https:\/\/thewebdevpoint.com\/wp-content\/uploads\/2024\/10\/Logo.svg\",\"width\":251,\"height\":48,\"caption\":\"Muzeul Pele\u0219\"},\"image\":{\"@id\":\"https:\/\/thewebdevpoint.com\/ro\/#\/schema\/logo\/image\/\"}},{\"@type\":\"Person\",\"@id\":\"https:\/\/thewebdevpoint.com\/ro\/#\/schema\/person\/eaad1484e1392d3fc5d35c9d5a1f7488\",\"name\":\"aysemariadav\",\"image\":{\"@type\":\"ImageObject\",\"inLanguage\":\"fr-FR\",\"@id\":\"https:\/\/thewebdevpoint.com\/ro\/#\/schema\/person\/image\/\",\"url\":\"https:\/\/secure.gravatar.com\/avatar\/a12b1c700676b68fee98499009c5f521?s=96&d=mm&r=g\",\"contentUrl\":\"https:\/\/secure.gravatar.com\/avatar\/a12b1c700676b68fee98499009c5f521?s=96&d=mm&r=g\",\"caption\":\"aysemariadav\"},\"sameAs\":[\"http:\/\/pelestest.thepoint-agency.com\"],\"url\":\"https:\/\/thewebdevpoint.com\/fr\/author\/aysemariadav\/\"}]}<\/script>\n<!-- \/ Yoast SEO plugin. -->","yoast_head_json":{"title":"Bustul Reginei Elisabeta &#183; Peles Test","robots":{"index":"noindex","follow":"follow","max-snippet":"max-snippet:-1","max-image-preview":"max-image-preview:large","max-video-preview":"max-video-preview:-1"},"schema":{"@context":"https:\/\/schema.org","@graph":[{"@type":"Article","@id":"https:\/\/thewebdevpoint.com\/patrimoniu\/bustul-reginei-elisabeta\/8683\/#article","isPartOf":{"@id":"https:\/\/thewebdevpoint.com\/patrimoniu\/bustul-reginei-elisabeta\/8683\/"},"author":{"name":"aysemariadav","@id":"https:\/\/thewebdevpoint.com\/ro\/#\/schema\/person\/eaad1484e1392d3fc5d35c9d5a1f7488"},"headline":"Bustul Reginei Elisabeta","datePublished":"2024-10-08T11:59:10+00:00","dateModified":"2024-10-08T11:59:10+00:00","mainEntityOfPage":{"@id":"https:\/\/thewebdevpoint.com\/patrimoniu\/bustul-reginei-elisabeta\/8683\/"},"wordCount":839,"commentCount":0,"publisher":{"@id":"https:\/\/thewebdevpoint.com\/ro\/#organization"},"keywords":["colectia de arta plastica|regina elisabeta|sculptura|Wladimir Hegel"],"articleSection":["Arta Plastica","Patrimoniu"],"inLanguage":"fr-FR","potentialAction":[{"@type":"CommentAction","name":"Comment","target":["https:\/\/thewebdevpoint.com\/patrimoniu\/bustul-reginei-elisabeta\/8683\/#respond"]}]},{"@type":"WebPage","@id":"https:\/\/thewebdevpoint.com\/patrimoniu\/bustul-reginei-elisabeta\/8683\/","url":"https:\/\/thewebdevpoint.com\/patrimoniu\/bustul-reginei-elisabeta\/8683\/","name":"Bustul Reginei Elisabeta &#183; Peles Test","isPartOf":{"@id":"https:\/\/thewebdevpoint.com\/ro\/#website"},"datePublished":"2024-10-08T11:59:10+00:00","dateModified":"2024-10-08T11:59:10+00:00","breadcrumb":{"@id":"https:\/\/thewebdevpoint.com\/patrimoniu\/bustul-reginei-elisabeta\/8683\/#breadcrumb"},"inLanguage":"fr-FR","potentialAction":[{"@type":"ReadAction","target":["https:\/\/thewebdevpoint.com\/patrimoniu\/bustul-reginei-elisabeta\/8683\/"]}]},{"@type":"BreadcrumbList","@id":"https:\/\/thewebdevpoint.com\/patrimoniu\/bustul-reginei-elisabeta\/8683\/#breadcrumb","itemListElement":[{"@type":"ListItem","position":1,"name":"Acas\u0103","item":"https:\/\/thewebdevpoint.com\/"},{"@type":"ListItem","position":2,"name":"Bustul Reginei Elisabeta"}]},{"@type":"WebSite","@id":"https:\/\/thewebdevpoint.com\/ro\/#website","url":"https:\/\/thewebdevpoint.com\/ro\/","name":"Peles Test","description":"","publisher":{"@id":"https:\/\/thewebdevpoint.com\/ro\/#organization"},"potentialAction":[{"@type":"SearchAction","target":{"@type":"EntryPoint","urlTemplate":"https:\/\/thewebdevpoint.com\/ro\/?s={search_term_string}"},"query-input":{"@type":"PropertyValueSpecification","valueRequired":true,"valueName":"search_term_string"}}],"inLanguage":"fr-FR"},{"@type":"Organization","@id":"https:\/\/thewebdevpoint.com\/ro\/#organization","name":"Muzeul Pele\u0219","alternateName":"MP","url":"https:\/\/thewebdevpoint.com\/ro\/","logo":{"@type":"ImageObject","inLanguage":"fr-FR","@id":"https:\/\/thewebdevpoint.com\/ro\/#\/schema\/logo\/image\/","url":"https:\/\/thewebdevpoint.com\/wp-content\/uploads\/2024\/10\/Logo.svg","contentUrl":"https:\/\/thewebdevpoint.com\/wp-content\/uploads\/2024\/10\/Logo.svg","width":251,"height":48,"caption":"Muzeul Pele\u0219"},"image":{"@id":"https:\/\/thewebdevpoint.com\/ro\/#\/schema\/logo\/image\/"}},{"@type":"Person","@id":"https:\/\/thewebdevpoint.com\/ro\/#\/schema\/person\/eaad1484e1392d3fc5d35c9d5a1f7488","name":"aysemariadav","image":{"@type":"ImageObject","inLanguage":"fr-FR","@id":"https:\/\/thewebdevpoint.com\/ro\/#\/schema\/person\/image\/","url":"https:\/\/secure.gravatar.com\/avatar\/a12b1c700676b68fee98499009c5f521?s=96&d=mm&r=g","contentUrl":"https:\/\/secure.gravatar.com\/avatar\/a12b1c700676b68fee98499009c5f521?s=96&d=mm&r=g","caption":"aysemariadav"},"sameAs":["http:\/\/pelestest.thepoint-agency.com"],"url":"https:\/\/thewebdevpoint.com\/fr\/author\/aysemariadav\/"}]}},"_links":{"self":[{"href":"https:\/\/thewebdevpoint.com\/fr\/wp-json\/wp\/v2\/posts\/8683","targetHints":{"allow":["GET"]}}],"collection":[{"href":"https:\/\/thewebdevpoint.com\/fr\/wp-json\/wp\/v2\/posts"}],"about":[{"href":"https:\/\/thewebdevpoint.com\/fr\/wp-json\/wp\/v2\/types\/post"}],"author":[{"embeddable":true,"href":"https:\/\/thewebdevpoint.com\/fr\/wp-json\/wp\/v2\/users\/1"}],"replies":[{"embeddable":true,"href":"https:\/\/thewebdevpoint.com\/fr\/wp-json\/wp\/v2\/comments?post=8683"}],"version-history":[{"count":0,"href":"https:\/\/thewebdevpoint.com\/fr\/wp-json\/wp\/v2\/posts\/8683\/revisions"}],"wp:attachment":[{"href":"https:\/\/thewebdevpoint.com\/fr\/wp-json\/wp\/v2\/media?parent=8683"}],"wp:term":[{"taxonomy":"category","embeddable":true,"href":"https:\/\/thewebdevpoint.com\/fr\/wp-json\/wp\/v2\/categories?post=8683"},{"taxonomy":"post_tag","embeddable":true,"href":"https:\/\/thewebdevpoint.com\/fr\/wp-json\/wp\/v2\/tags?post=8683"}],"curies":[{"name":"wp","href":"https:\/\/api.w.org\/{rel}","templated":true}]}}