{"id":8687,"date":"2024-10-08T11:59:10","date_gmt":"2024-10-08T11:59:10","guid":{"rendered":"https:\/\/pelestest.thepoint-agency.com\/platou-decorativ-bella-donna\/"},"modified":"2024-10-08T11:59:10","modified_gmt":"2024-10-08T11:59:10","slug":"platou-decorativ-bella-donna","status":"publish","type":"post","link":"https:\/\/thewebdevpoint.com\/fr\/patrimoniu\/platou-decorativ-bella-donna\/8687\/","title":{"rendered":"Assiette d\u00e9corative Bella Donna"},"content":{"rendered":"<p>[stag_toggle style=\u201dnormal\u201d title=\u201dD\u00e9tails de la pi\u00e8ce\u201d state=\u201dclosed\u201d]BIANCA CAPPELLO,<br> Atelier Torelli, Florence,<br> Type Faenza[\/stag_toggle]<\/p>\n<p>M\u00e9c\u00e8nes de la puissante famille des M\u00e9dicis, les ateliers de majolique florentins contribu\u00e8rent par des moyens sp\u00e9cifiques \u00e0 leur cons\u00e9cration en tant que m\u00e9c\u00e8nes des arts. R\u00e9put\u00e9s pour leur penchant pour la culture en g\u00e9n\u00e9ral, les M\u00e9dicis se r\u00e9v\u00e9l\u00e8rent r\u00e9volutionnaires dans ce domaine \u00e9galement, promouvant un art qui allait conqu\u00e9rir le monde raffin\u00e9 de l&#039;aristocratie toscane d\u00e8s le d\u00e9but du XVe si\u00e8cle. La manufacture Torelli ne fait pas exception\u00a0: les artistes s&#039;inspirent souvent des arts majeurs, notamment de la peinture. Au XIXe si\u00e8cle, les objets Torelli devinrent des mod\u00e8les pour les artistes historiques italiens, qui r\u00e9alis\u00e8rent des copies r\u00e9ussies des pi\u00e8ces consacr\u00e9es.<\/p>\n<p>L&#039;assiette d\u00e9corative, de type \u00ab\u00a0bella donna\u00a0\u00bb, illustre parfaitement les principes artistiques promus par l&#039;historicisme\u00a0: elle reproduit magistralement une \u0153uvre originale du XVIe\u00a0si\u00e8cle, dont la protagoniste est la belle noble v\u00e9nitienne Bianca Cappello (1548-1587), seconde \u00e9pouse du grand-duc de Toscane, Fran\u00e7ois Ier de M\u00e9dicis (1541-1587), disparue \u00e0 seulement 44\u00a0ans dans des circonstances myst\u00e9rieuses. L&#039;auteur anonyme s&#039;est sans doute inspir\u00e9 d&#039;une huile sur toile, r\u00e9alis\u00e9e en 1572, par le portraitiste florentin Agnolo Bronzino (1503-1572), peintre officiel de Cosme Ier de M\u00e9dicis (1519-1574) et de Fran\u00e7ois Ier de M\u00e9dicis (1541-1587).<\/p>\n<p>Agnolo (ou Angelo) di Cosimo di Mariano Tori, \u00e9galement connu sous le nom de Bronzino, l&#039;un des plus importants repr\u00e9sentants du mani\u00e9risme, d\u00e9buta comme \u00e9l\u00e8ve de Pontormo, avec qui il r\u00e9alisa d&#039;importantes \u0153uvres \u00e0 Florence au d\u00e9but du XVIe si\u00e8cle. Parmi celles-ci, on compte les fresques du monast\u00e8re des moines de la Chartreuse de Galluzzo et celles de la chapelle Capponi \u00e0 Santa Felicita. En 1530, il entra dans le viseur de la c\u00e9l\u00e8bre famille Della Rovere, originaire des Marches, o\u00f9 il r\u00e9alisa des portraits. Progressivement, Bronzino perfectionna sa technique, devenant non seulement le portraitiste le plus recherch\u00e9, mais aussi l&#039;un des plus originaux. Ses personnages, apparemment rigides et tr\u00e8s protocolaires, immortalis\u00e9s dans des costumes d&#039;apparat, se distinguent par l&#039;extraordinaire nettet\u00e9 du dessin et par une palette chromatique tr\u00e8s fine, \u00e9tir\u00e9e par des traits lisses et compacts. Vers 1540, Bronzino devint le peintre favori de l&#039;aristocratie florentine et l&#039;artiste officiel de la famille des M\u00e9dicis. Ses affinit\u00e9s intellectuelles avec Cosme Ier de M\u00e9dicis et sa connaissance approfondie de la litt\u00e9rature le rapproch\u00e8rent des personnalit\u00e9s humanistes de l&#039;\u00e9poque, r\u00e9unies \u00e0 Florence sous le patronage des M\u00e9dicis. Les pr\u00e9occupations de Bronzino d\u00e9pass\u00e8rent la peinture et embrass\u00e8rent l&#039;art de la tapisserie. Bronzino travailla sur des cartons, qui lui permirent de r\u00e9aliser de magnifiques \u0153uvres pour le Palazzo Vecchio. Apr\u00e8s 1560, vers la fin du concile de Trente (1545-1563), la peinture de Bronzino envahit les lieux saints, devenant de plus en plus id\u00e9ologique. En 1572, Bronzino re\u00e7ut l&#039;une de ses derni\u00e8res commandes, le portrait de Bianca Cappello. La toile a r\u00e9sist\u00e9 aux assauts du temps jusqu&#039;\u00e0 aujourd&#039;hui et peut \u00eatre admir\u00e9e avec le m\u00eame plaisir qu&#039;il y a plus de quatre si\u00e8cles \u00e0 la Galerie Palatine du palais Pitti \u00e0 Florence.<\/p>\n<p>N\u00e9e \u00e0 Venise en 1543, au sein d&#039;une vieille famille aristocratique, Bianca semblait incarner les femmes de Giorgione ou des toiles de Titien\u00a0: elle avait les traits typiques d&#039;une beaut\u00e9 blonde-roux, aux formes ros\u00e9es et app\u00e9tissantes, un regard langoureux sur un visage innocent et un temp\u00e9rament aventureux. \u00c0 17\u00a0ans, elle tomba follement amoureuse de Pietro Bonaventura, un employ\u00e9 florentin m\u00e9diocre de la succursale v\u00e9nitienne de la Banque Salviati. R\u00e9fugi\u00e9e \u00e0 Florence, o\u00f9 elle donna naissance \u00e0 un enfant, Bianca Cappello, ou Capello, selon l&#039;orthographe v\u00e9nitienne du nom, se lan\u00e7a dans une m\u00e9salliance au grand d\u00e9sespoir de sa famille. Ainsi commen\u00e7a une vie de tribulations, dont elle trouva le salut aupr\u00e8s du duc Francesco, qui la soutint financi\u00e8rement et prot\u00e9gea sa r\u00e9putation.<\/p>\n<p>Mari\u00e9 \u00e0 Jeanne d&#039;Autriche, s\u0153ur du puissant empereur Maximilien II et fille de Ferdinand Ier, Fran\u00e7ois de M\u00e9dicis se sent malheureux aupr\u00e8s d&#039;une \u00e9pouse arrogante, d\u00e9pourvue de charme et de diplomatie. Jeanne ne manque aucune occasion d&#039;humilier son mari, pour lequel elle affiche un m\u00e9pris non dissimul\u00e9. Bianca Cappello se laisse rapidement s\u00e9duire par la perspective d&#039;une vie de luxe et d&#039;opulence et devient \u2013 comme pr\u00e9vu \u2013 la ma\u00eetresse du duc. Le triangle amoureux dans lequel elle est impliqu\u00e9e ne semble scandaliser personne : champions des arts, m\u00e9c\u00e8nes, soldats audacieux, architectes talentueux, papes glorieux, les M\u00e9dicis poss\u00e8dent tous les dons, sauf la morale. De son c\u00f4t\u00e9, Pietro Bonaventura pr\u00e9f\u00e8re sa famille aux jeux de cartes et \u00e0 la d\u00e9bauche. Noy\u00e9 dans l&#039;alcool et des dettes colossales, que le duc n&#039;h\u00e9site pas \u00e0 couvrir g\u00e9n\u00e9reusement, Pietro se laisse emporter par le tourbillon d&#039;une existence pass\u00e9e \u00e0 la taverne.<\/p>\n<p>Ambitieuse et encore tr\u00e8s jeune, Bianca Cappello se pr\u00e9pare une vie de luxe. Amoureux comme un adolescent, le duc lui ach\u00e8te une luxueuse maison Via Maggio, face au palais ducal, o\u00f9 il lui rend visite sous le regard r\u00e9sign\u00e9 de son mari, qui se soucie peu du scandale qui l&#039;entoure. Agac\u00e9 par les dettes croissantes de Pietro, Francesco prend une d\u00e9cision longtemps diff\u00e9r\u00e9e\u00a0: en 1572, il an\u00e9antit son rival et devient l&#039;unique possesseur des tr\u00e9sors tant convoit\u00e9s de Bianca. L&#039;incapacit\u00e9 de Jeanne d&#039;Autriche \u00e0 lui donner un h\u00e9ritier la conduit \u00e0 monter une farce pour le duc\u00a0: avec la complicit\u00e9 de ses servantes, elle feint d&#039;\u00eatre enceinte, mais le complot est d\u00e9jou\u00e9. Malgr\u00e9 l&#039;\u00e9vidence, apr\u00e8s la mort de sa femme, le grand chef lui pardonna et l&#039;\u00e9pousa en secret, le 2 juin 1578. Quelques mois plus tard, le 12 octobre, Francesco abandonna les pr\u00e9cautions habituelles pour le bien de sa jeune \u00e9pouse et organisa une deuxi\u00e8me c\u00e9r\u00e9monie en grande pompe, o\u00f9 il invita la cr\u00e8me de la soci\u00e9t\u00e9 florentine.<\/p>\n<p>Laxistes avec sa ma\u00eetresse, les membres de la famille M\u00e9dicis sont impitoyables avec leur \u00e9pouse. Son ennemi jur\u00e9, le cardinal Ferdinand, fr\u00e8re cadet de Fran\u00e7ois, ne pardonne pas \u00e0 Bianca son audace. Son attitude impeccable apr\u00e8s le mariage, ses mani\u00e8res parfaites et sa r\u00e9putation de m\u00e9c\u00e8ne, ainsi qu&#039;un mari plus int\u00e9ress\u00e9 par la chimie et les sciences naturelles que par les affaires de la Seigneurie, ne parviennent pas \u00e0 le convaincre. Il la ha\u00efra \u00e0 mort et refusera son inhumation dans la chapelle familiale des M\u00e9dicis, dans l&#039;\u00e9glise San Lorenzo. La l\u00e9gende raconte qu&#039;exasp\u00e9r\u00e9e par les intrigues du cardinal, Bianca complote pour l&#039;empoisonner, mais la Fortune lui joue un tour\u00a0: elle empoisonne accidentellement son mari, apr\u00e8s quoi elle se suicide. Une fin de vaudeville.<\/p>\n<p>Repr\u00e9sent\u00e9e en buste, coiff\u00e9e d&#039;un voile et d&#039;une couronne de perles, avec un large col et des v\u00eatements opulents dans l&#039;esprit de l&#039;\u00e9poque, dans des tons violets et jaunes, Bianca appara\u00eet dans toute sa beaut\u00e9, \u00e0 l&#039;aube de ses trente ans, sur le fond immacul\u00e9 du champ central de la plaque, qui met en valeur la finesse de ses traits. La bordure \u00e9labor\u00e9e, dans le style de la d\u00e9coration \u00e0 grotesque de type Faenza, r\u00e9unit, dans une composition d\u00e9lib\u00e9r\u00e9ment dramatique, domin\u00e9e par des tons sombres de bleu cobalt et d&#039;ocre, des volutes v\u00e9g\u00e9tales, des figures grotesques et trois cartouches portant les inscriptions\u00a0: BIANCA, CAPPELLO et l&#039;ann\u00e9e MDLXXVII (1577), probablement la date de fabrication de la plaque originale par les artistes de l&#039;atelier Torelli.<\/p>\n<h4>Macrina Oproiu, <small>conservateur<\/small><\/h4>","protected":false},"excerpt":{"rendered":"<p>[stag_toggle style=\u201dnormal\u201d title=\u201dD\u00e9tails de la pi\u00e8ce\u201d state=\u201dclosed\u201d]BIANCA CAPPELLO, Atelier Torelli, Florence, type Faenza[\/stag_toggle] Patronn\u00e9s par la puissante famille des M\u00e9dicis, les ateliers de majolique florentins contribu\u00e8rent par des moyens sp\u00e9cifiques \u00e0 leur cons\u00e9cration comme m\u00e9c\u00e8nes. Connus pour leur penchant pour la culture en g\u00e9n\u00e9ral, les M\u00e9dicis se r\u00e9v\u00e9l\u00e8rent r\u00e9volutionnaires dans ce domaine \u00e9galement, dynamisant un art qui \u00e9tait sur le point de [\u2026]<\/p>","protected":false},"author":1,"featured_media":0,"comment_status":"open","ping_status":"open","sticky":false,"template":"","format":"standard","meta":{"_acf_changed":false,"footnotes":""},"categories":[264,259],"tags":[135],"class_list":["post-8687","post","type-post","status-publish","format-standard","hentry","category-ceramica","category-patrimoniu","tag-atelier-torellicolectia-de-ceramica"],"acf":[],"yoast_head":"<!-- This site is optimized with the Yoast SEO plugin v24.1 - https:\/\/yoast.com\/wordpress\/plugins\/seo\/ -->\n<title>Platou Decorativ Bella Donna &#183; Peles Test<\/title>\n<meta name=\"robots\" content=\"noindex, follow, max-snippet:-1, max-image-preview:large, max-video-preview:-1\" \/>\n<script type=\"application\/ld+json\" class=\"yoast-schema-graph\">{\"@context\":\"https:\/\/schema.org\",\"@graph\":[{\"@type\":\"Article\",\"@id\":\"https:\/\/thewebdevpoint.com\/patrimoniu\/platou-decorativ-bella-donna\/8687\/#article\",\"isPartOf\":{\"@id\":\"https:\/\/thewebdevpoint.com\/patrimoniu\/platou-decorativ-bella-donna\/8687\/\"},\"author\":{\"name\":\"aysemariadav\",\"@id\":\"https:\/\/thewebdevpoint.com\/ro\/#\/schema\/person\/eaad1484e1392d3fc5d35c9d5a1f7488\"},\"headline\":\"Platou Decorativ Bella Donna\",\"datePublished\":\"2024-10-08T11:59:10+00:00\",\"dateModified\":\"2024-10-08T11:59:10+00:00\",\"mainEntityOfPage\":{\"@id\":\"https:\/\/thewebdevpoint.com\/patrimoniu\/platou-decorativ-bella-donna\/8687\/\"},\"wordCount\":1245,\"commentCount\":0,\"publisher\":{\"@id\":\"https:\/\/thewebdevpoint.com\/ro\/#organization\"},\"keywords\":[\"Atelier Torelli|colectia de ceramica\"],\"articleSection\":[\"Ceramica\",\"Patrimoniu\"],\"inLanguage\":\"fr-FR\",\"potentialAction\":[{\"@type\":\"CommentAction\",\"name\":\"Comment\",\"target\":[\"https:\/\/thewebdevpoint.com\/patrimoniu\/platou-decorativ-bella-donna\/8687\/#respond\"]}]},{\"@type\":\"WebPage\",\"@id\":\"https:\/\/thewebdevpoint.com\/patrimoniu\/platou-decorativ-bella-donna\/8687\/\",\"url\":\"https:\/\/thewebdevpoint.com\/patrimoniu\/platou-decorativ-bella-donna\/8687\/\",\"name\":\"Platou Decorativ Bella Donna &#183; Peles Test\",\"isPartOf\":{\"@id\":\"https:\/\/thewebdevpoint.com\/ro\/#website\"},\"datePublished\":\"2024-10-08T11:59:10+00:00\",\"dateModified\":\"2024-10-08T11:59:10+00:00\",\"breadcrumb\":{\"@id\":\"https:\/\/thewebdevpoint.com\/patrimoniu\/platou-decorativ-bella-donna\/8687\/#breadcrumb\"},\"inLanguage\":\"fr-FR\",\"potentialAction\":[{\"@type\":\"ReadAction\",\"target\":[\"https:\/\/thewebdevpoint.com\/patrimoniu\/platou-decorativ-bella-donna\/8687\/\"]}]},{\"@type\":\"BreadcrumbList\",\"@id\":\"https:\/\/thewebdevpoint.com\/patrimoniu\/platou-decorativ-bella-donna\/8687\/#breadcrumb\",\"itemListElement\":[{\"@type\":\"ListItem\",\"position\":1,\"name\":\"Acas\u0103\",\"item\":\"https:\/\/thewebdevpoint.com\/\"},{\"@type\":\"ListItem\",\"position\":2,\"name\":\"Platou Decorativ Bella Donna\"}]},{\"@type\":\"WebSite\",\"@id\":\"https:\/\/thewebdevpoint.com\/ro\/#website\",\"url\":\"https:\/\/thewebdevpoint.com\/ro\/\",\"name\":\"Peles Test\",\"description\":\"\",\"publisher\":{\"@id\":\"https:\/\/thewebdevpoint.com\/ro\/#organization\"},\"potentialAction\":[{\"@type\":\"SearchAction\",\"target\":{\"@type\":\"EntryPoint\",\"urlTemplate\":\"https:\/\/thewebdevpoint.com\/ro\/?s={search_term_string}\"},\"query-input\":{\"@type\":\"PropertyValueSpecification\",\"valueRequired\":true,\"valueName\":\"search_term_string\"}}],\"inLanguage\":\"fr-FR\"},{\"@type\":\"Organization\",\"@id\":\"https:\/\/thewebdevpoint.com\/ro\/#organization\",\"name\":\"Muzeul Pele\u0219\",\"alternateName\":\"MP\",\"url\":\"https:\/\/thewebdevpoint.com\/ro\/\",\"logo\":{\"@type\":\"ImageObject\",\"inLanguage\":\"fr-FR\",\"@id\":\"https:\/\/thewebdevpoint.com\/ro\/#\/schema\/logo\/image\/\",\"url\":\"https:\/\/thewebdevpoint.com\/wp-content\/uploads\/2024\/10\/Logo.svg\",\"contentUrl\":\"https:\/\/thewebdevpoint.com\/wp-content\/uploads\/2024\/10\/Logo.svg\",\"width\":251,\"height\":48,\"caption\":\"Muzeul Pele\u0219\"},\"image\":{\"@id\":\"https:\/\/thewebdevpoint.com\/ro\/#\/schema\/logo\/image\/\"}},{\"@type\":\"Person\",\"@id\":\"https:\/\/thewebdevpoint.com\/ro\/#\/schema\/person\/eaad1484e1392d3fc5d35c9d5a1f7488\",\"name\":\"aysemariadav\",\"image\":{\"@type\":\"ImageObject\",\"inLanguage\":\"fr-FR\",\"@id\":\"https:\/\/thewebdevpoint.com\/ro\/#\/schema\/person\/image\/\",\"url\":\"https:\/\/secure.gravatar.com\/avatar\/a12b1c700676b68fee98499009c5f521?s=96&d=mm&r=g\",\"contentUrl\":\"https:\/\/secure.gravatar.com\/avatar\/a12b1c700676b68fee98499009c5f521?s=96&d=mm&r=g\",\"caption\":\"aysemariadav\"},\"sameAs\":[\"http:\/\/pelestest.thepoint-agency.com\"],\"url\":\"https:\/\/thewebdevpoint.com\/fr\/author\/aysemariadav\/\"}]}<\/script>\n<!-- \/ Yoast SEO plugin. -->","yoast_head_json":{"title":"Platou Decorativ Bella Donna &#183; Peles Test","robots":{"index":"noindex","follow":"follow","max-snippet":"max-snippet:-1","max-image-preview":"max-image-preview:large","max-video-preview":"max-video-preview:-1"},"schema":{"@context":"https:\/\/schema.org","@graph":[{"@type":"Article","@id":"https:\/\/thewebdevpoint.com\/patrimoniu\/platou-decorativ-bella-donna\/8687\/#article","isPartOf":{"@id":"https:\/\/thewebdevpoint.com\/patrimoniu\/platou-decorativ-bella-donna\/8687\/"},"author":{"name":"aysemariadav","@id":"https:\/\/thewebdevpoint.com\/ro\/#\/schema\/person\/eaad1484e1392d3fc5d35c9d5a1f7488"},"headline":"Platou Decorativ Bella Donna","datePublished":"2024-10-08T11:59:10+00:00","dateModified":"2024-10-08T11:59:10+00:00","mainEntityOfPage":{"@id":"https:\/\/thewebdevpoint.com\/patrimoniu\/platou-decorativ-bella-donna\/8687\/"},"wordCount":1245,"commentCount":0,"publisher":{"@id":"https:\/\/thewebdevpoint.com\/ro\/#organization"},"keywords":["Atelier Torelli|colectia de ceramica"],"articleSection":["Ceramica","Patrimoniu"],"inLanguage":"fr-FR","potentialAction":[{"@type":"CommentAction","name":"Comment","target":["https:\/\/thewebdevpoint.com\/patrimoniu\/platou-decorativ-bella-donna\/8687\/#respond"]}]},{"@type":"WebPage","@id":"https:\/\/thewebdevpoint.com\/patrimoniu\/platou-decorativ-bella-donna\/8687\/","url":"https:\/\/thewebdevpoint.com\/patrimoniu\/platou-decorativ-bella-donna\/8687\/","name":"Platou Decorativ Bella Donna &#183; Peles Test","isPartOf":{"@id":"https:\/\/thewebdevpoint.com\/ro\/#website"},"datePublished":"2024-10-08T11:59:10+00:00","dateModified":"2024-10-08T11:59:10+00:00","breadcrumb":{"@id":"https:\/\/thewebdevpoint.com\/patrimoniu\/platou-decorativ-bella-donna\/8687\/#breadcrumb"},"inLanguage":"fr-FR","potentialAction":[{"@type":"ReadAction","target":["https:\/\/thewebdevpoint.com\/patrimoniu\/platou-decorativ-bella-donna\/8687\/"]}]},{"@type":"BreadcrumbList","@id":"https:\/\/thewebdevpoint.com\/patrimoniu\/platou-decorativ-bella-donna\/8687\/#breadcrumb","itemListElement":[{"@type":"ListItem","position":1,"name":"Acas\u0103","item":"https:\/\/thewebdevpoint.com\/"},{"@type":"ListItem","position":2,"name":"Platou Decorativ Bella Donna"}]},{"@type":"WebSite","@id":"https:\/\/thewebdevpoint.com\/ro\/#website","url":"https:\/\/thewebdevpoint.com\/ro\/","name":"Peles Test","description":"","publisher":{"@id":"https:\/\/thewebdevpoint.com\/ro\/#organization"},"potentialAction":[{"@type":"SearchAction","target":{"@type":"EntryPoint","urlTemplate":"https:\/\/thewebdevpoint.com\/ro\/?s={search_term_string}"},"query-input":{"@type":"PropertyValueSpecification","valueRequired":true,"valueName":"search_term_string"}}],"inLanguage":"fr-FR"},{"@type":"Organization","@id":"https:\/\/thewebdevpoint.com\/ro\/#organization","name":"Muzeul Pele\u0219","alternateName":"MP","url":"https:\/\/thewebdevpoint.com\/ro\/","logo":{"@type":"ImageObject","inLanguage":"fr-FR","@id":"https:\/\/thewebdevpoint.com\/ro\/#\/schema\/logo\/image\/","url":"https:\/\/thewebdevpoint.com\/wp-content\/uploads\/2024\/10\/Logo.svg","contentUrl":"https:\/\/thewebdevpoint.com\/wp-content\/uploads\/2024\/10\/Logo.svg","width":251,"height":48,"caption":"Muzeul Pele\u0219"},"image":{"@id":"https:\/\/thewebdevpoint.com\/ro\/#\/schema\/logo\/image\/"}},{"@type":"Person","@id":"https:\/\/thewebdevpoint.com\/ro\/#\/schema\/person\/eaad1484e1392d3fc5d35c9d5a1f7488","name":"aysemariadav","image":{"@type":"ImageObject","inLanguage":"fr-FR","@id":"https:\/\/thewebdevpoint.com\/ro\/#\/schema\/person\/image\/","url":"https:\/\/secure.gravatar.com\/avatar\/a12b1c700676b68fee98499009c5f521?s=96&d=mm&r=g","contentUrl":"https:\/\/secure.gravatar.com\/avatar\/a12b1c700676b68fee98499009c5f521?s=96&d=mm&r=g","caption":"aysemariadav"},"sameAs":["http:\/\/pelestest.thepoint-agency.com"],"url":"https:\/\/thewebdevpoint.com\/fr\/author\/aysemariadav\/"}]}},"_links":{"self":[{"href":"https:\/\/thewebdevpoint.com\/fr\/wp-json\/wp\/v2\/posts\/8687","targetHints":{"allow":["GET"]}}],"collection":[{"href":"https:\/\/thewebdevpoint.com\/fr\/wp-json\/wp\/v2\/posts"}],"about":[{"href":"https:\/\/thewebdevpoint.com\/fr\/wp-json\/wp\/v2\/types\/post"}],"author":[{"embeddable":true,"href":"https:\/\/thewebdevpoint.com\/fr\/wp-json\/wp\/v2\/users\/1"}],"replies":[{"embeddable":true,"href":"https:\/\/thewebdevpoint.com\/fr\/wp-json\/wp\/v2\/comments?post=8687"}],"version-history":[{"count":0,"href":"https:\/\/thewebdevpoint.com\/fr\/wp-json\/wp\/v2\/posts\/8687\/revisions"}],"wp:attachment":[{"href":"https:\/\/thewebdevpoint.com\/fr\/wp-json\/wp\/v2\/media?parent=8687"}],"wp:term":[{"taxonomy":"category","embeddable":true,"href":"https:\/\/thewebdevpoint.com\/fr\/wp-json\/wp\/v2\/categories?post=8687"},{"taxonomy":"post_tag","embeddable":true,"href":"https:\/\/thewebdevpoint.com\/fr\/wp-json\/wp\/v2\/tags?post=8687"}],"curies":[{"name":"wp","href":"https:\/\/api.w.org\/{rel}","templated":true}]}}