{"id":8689,"date":"2024-10-08T11:59:10","date_gmt":"2024-10-08T11:59:10","guid":{"rendered":"https:\/\/pelestest.thepoint-agency.com\/cabinet-martin-stohr\/"},"modified":"2024-10-08T11:59:10","modified_gmt":"2024-10-08T11:59:10","slug":"cabinet-martin-stohr","status":"publish","type":"post","link":"https:\/\/thewebdevpoint.com\/fr\/patrimoniu\/cabinet-martin-stohr\/8689\/","title":{"rendered":"Cabinet Martin St\u00f6hr"},"content":{"rendered":"<p>[stag_toggle style=\u201dnormal\u201d title=\u201dD\u00e9tails de la pi\u00e8ce\u201d state=\u201dclosed\u201d]Armoire<br>L&#039;atelier de Martin St\u00f6hr, 1883<br>Bois de noyer, sculpt\u00e9, tourn\u00e9<br>Dimensions : H : 193,5 cm \/ L : 161,5 cm \/ P : 58 cm Inv. 17382<br>Ensemble de cabinet compos\u00e9 de deux pi\u00e8ces suspendues. \u0152uvres d&#039;une valeur artistique remarquable, avec des panneaux de porte sculpt\u00e9s \u00e0 la main, orn\u00e9s de personnages all\u00e9goriques en bas-relief, encadr\u00e9s de boucliers incis\u00e9s, du chiffre royal surmont\u00e9 d&#039;une couronne et de la devise \u00ab\u00a0Nihil Sine Deo\u00a0\u00bb. Pi\u00e8ce repr\u00e9sentative, avec des \u00e9l\u00e9ments de la Renaissance allemande et italienne.<\/p>\n<p>En 1866, le sculpteur sur bois bavarois Martin St\u00f6hr (1819-1896) accompagna le prince Carol Ier de Hohenzollern en Roumanie et, deux ans plus tard, il fut nomm\u00e9 \u00ab sculpteur de la Maison princi\u00e8re de Roumanie \u00bb. St\u00f6hr avait travaill\u00e9 pendant un certain temps au ch\u00e2teau de Sigmaringen pour Charles Ier, apr\u00e8s avoir \u00e9t\u00e9 recommand\u00e9 par le roi (plus tard empereur) Guillaume Ier de Prusse. Le jeune St\u00f6hr avait dirig\u00e9 les travaux de menuiserie dans son ch\u00e2teau de Babelsberg en Allemagne.<\/p>\n<p>En Roumanie, il a travaill\u00e9 au service du roi Carol Ier pendant 30 ans, \u00e0 la fois pour le Palais Royal de Bucarest et, surtout, pour sa r\u00e9sidence d&#039;\u00e9t\u00e9, le ch\u00e2teau de Pele\u015f, o\u00f9 il a occup\u00e9 le poste de directeur des travaux de construction et de planification.<\/p>\n<p>L&#039;id\u00e9al artistique du sculpteur \u00e9tait la cr\u00e9ation de la Renaissance allemande, les traits de ce style se retrouvant dans toutes ses \u0153uvres d&#039;\u00e9b\u00e9nisterie. Malheureusement, de nombreux meubles, boiseries, portes et portails ont disparu du Palais Royal lors de l&#039;incendie de 1926.<\/p>\n<p>Dans le ch\u00e2teau de Pele\u015f sont conserv\u00e9s des meubles d&#039;une composition artistique exquise, ainsi que le travail d&#039;un grand savoir-faire et d&#039;une grande minutie, la porte en bois sculpt\u00e9 de l&#039;entr\u00e9e principale.<\/p>\n<p>Hautement personnalis\u00e9s, les meubles St\u00f6hr se caract\u00e9risent par une abondance ornementale. La sculpture parfaite et la science de l&#039;utilisation de l&#039;asym\u00e9trie volum\u00e9trique, avec des hauts-reliefs et des rondes-bosses, conf\u00e8rent aux pi\u00e8ces de style Renaissance allemande une touche essentiellement baroque.<\/p>\n<p>Pour ses services fid\u00e8les et son talent, le sculpteur et architecte Martin St\u00f6hr a re\u00e7u plusieurs ordres et m\u00e9dailles : Carol Ier lui a d\u00e9cern\u00e9 l&#039;Ordre de l&#039;\u00c9toile de Roumanie en tant que chevalier, l&#039;Ordre de la Couronne en tant qu&#039;officier et le prince Karl Anton de Hohenzollern lui a d\u00e9cern\u00e9 la m\u00e9daille d&#039;or. Il recevra du roi de Su\u00e8de l&#039;Ordre royal de Wasa, et l&#039;empereur d&#039;Autriche-Hongrie lui d\u00e9cernera la Croix de chevalier de l&#039;Ordre Fran\u00e7ois-Joseph.<\/p>\n<h4>Liliana Manoliu, <small>conservateur<\/small><\/h4>","protected":false},"excerpt":{"rendered":"<p>[stag_toggle style=\u201dnormal\u201d title=\u201dD\u00e9tails de la pi\u00e8ce\u201d state=\u201dclosed\u201d]Armoire Atelier Martin St\u00f6hr, 1883 Noyer sculpt\u00e9 et tourn\u00e9 Dimensions : H : 193,5 cm \/ L : 161,5 cm \/ L : 58 cm Inv. 17382 Ensemble d&#039;armoires compos\u00e9 de deux pi\u00e8ces pendantes. \u0152uvres d&#039;une valeur artistique remarquable, avec des panneaux de porte sculpt\u00e9s \u00e0 la main, d\u00e9cor\u00e9s de personnages all\u00e9goriques en bas-relief, encadr\u00e9s de boucliers festonn\u00e9s, le chiffre [\u2026]<\/p>","protected":false},"author":1,"featured_media":0,"comment_status":"open","ping_status":"open","sticky":false,"template":"","format":"standard","meta":{"_acf_changed":false,"footnotes":""},"categories":[266,259],"tags":[139],"class_list":["post-8689","post","type-post","status-publish","format-standard","hentry","category-mobilier","category-patrimoniu","tag-colectia-de-mobiliermartin-stohr"],"acf":[],"yoast_head":"<!-- This site is optimized with the Yoast SEO plugin v24.1 - https:\/\/yoast.com\/wordpress\/plugins\/seo\/ -->\n<title>Cabinet Martin St\u00f6hr &#183; Peles Test<\/title>\n<meta name=\"robots\" content=\"noindex, follow, max-snippet:-1, max-image-preview:large, max-video-preview:-1\" \/>\n<script type=\"application\/ld+json\" class=\"yoast-schema-graph\">{\"@context\":\"https:\/\/schema.org\",\"@graph\":[{\"@type\":\"Article\",\"@id\":\"https:\/\/thewebdevpoint.com\/patrimoniu\/cabinet-martin-stohr\/8689\/#article\",\"isPartOf\":{\"@id\":\"https:\/\/thewebdevpoint.com\/patrimoniu\/cabinet-martin-stohr\/8689\/\"},\"author\":{\"name\":\"aysemariadav\",\"@id\":\"https:\/\/thewebdevpoint.com\/ro\/#\/schema\/person\/eaad1484e1392d3fc5d35c9d5a1f7488\"},\"headline\":\"Cabinet Martin St\u00f6hr\",\"datePublished\":\"2024-10-08T11:59:10+00:00\",\"dateModified\":\"2024-10-08T11:59:10+00:00\",\"mainEntityOfPage\":{\"@id\":\"https:\/\/thewebdevpoint.com\/patrimoniu\/cabinet-martin-stohr\/8689\/\"},\"wordCount\":418,\"commentCount\":0,\"publisher\":{\"@id\":\"https:\/\/thewebdevpoint.com\/ro\/#organization\"},\"keywords\":[\"colectia de mobilier|Martin St\u00f6hr\"],\"articleSection\":[\"Mobilier\",\"Patrimoniu\"],\"inLanguage\":\"fr-FR\",\"potentialAction\":[{\"@type\":\"CommentAction\",\"name\":\"Comment\",\"target\":[\"https:\/\/thewebdevpoint.com\/patrimoniu\/cabinet-martin-stohr\/8689\/#respond\"]}]},{\"@type\":\"WebPage\",\"@id\":\"https:\/\/thewebdevpoint.com\/patrimoniu\/cabinet-martin-stohr\/8689\/\",\"url\":\"https:\/\/thewebdevpoint.com\/patrimoniu\/cabinet-martin-stohr\/8689\/\",\"name\":\"Cabinet Martin St\u00f6hr &#183; Peles Test\",\"isPartOf\":{\"@id\":\"https:\/\/thewebdevpoint.com\/ro\/#website\"},\"datePublished\":\"2024-10-08T11:59:10+00:00\",\"dateModified\":\"2024-10-08T11:59:10+00:00\",\"breadcrumb\":{\"@id\":\"https:\/\/thewebdevpoint.com\/patrimoniu\/cabinet-martin-stohr\/8689\/#breadcrumb\"},\"inLanguage\":\"fr-FR\",\"potentialAction\":[{\"@type\":\"ReadAction\",\"target\":[\"https:\/\/thewebdevpoint.com\/patrimoniu\/cabinet-martin-stohr\/8689\/\"]}]},{\"@type\":\"BreadcrumbList\",\"@id\":\"https:\/\/thewebdevpoint.com\/patrimoniu\/cabinet-martin-stohr\/8689\/#breadcrumb\",\"itemListElement\":[{\"@type\":\"ListItem\",\"position\":1,\"name\":\"Acas\u0103\",\"item\":\"https:\/\/thewebdevpoint.com\/\"},{\"@type\":\"ListItem\",\"position\":2,\"name\":\"Cabinet Martin St\u00f6hr\"}]},{\"@type\":\"WebSite\",\"@id\":\"https:\/\/thewebdevpoint.com\/ro\/#website\",\"url\":\"https:\/\/thewebdevpoint.com\/ro\/\",\"name\":\"Peles Test\",\"description\":\"\",\"publisher\":{\"@id\":\"https:\/\/thewebdevpoint.com\/ro\/#organization\"},\"potentialAction\":[{\"@type\":\"SearchAction\",\"target\":{\"@type\":\"EntryPoint\",\"urlTemplate\":\"https:\/\/thewebdevpoint.com\/ro\/?s={search_term_string}\"},\"query-input\":{\"@type\":\"PropertyValueSpecification\",\"valueRequired\":true,\"valueName\":\"search_term_string\"}}],\"inLanguage\":\"fr-FR\"},{\"@type\":\"Organization\",\"@id\":\"https:\/\/thewebdevpoint.com\/ro\/#organization\",\"name\":\"Muzeul Pele\u0219\",\"alternateName\":\"MP\",\"url\":\"https:\/\/thewebdevpoint.com\/ro\/\",\"logo\":{\"@type\":\"ImageObject\",\"inLanguage\":\"fr-FR\",\"@id\":\"https:\/\/thewebdevpoint.com\/ro\/#\/schema\/logo\/image\/\",\"url\":\"https:\/\/thewebdevpoint.com\/wp-content\/uploads\/2024\/10\/Logo.svg\",\"contentUrl\":\"https:\/\/thewebdevpoint.com\/wp-content\/uploads\/2024\/10\/Logo.svg\",\"width\":251,\"height\":48,\"caption\":\"Muzeul Pele\u0219\"},\"image\":{\"@id\":\"https:\/\/thewebdevpoint.com\/ro\/#\/schema\/logo\/image\/\"}},{\"@type\":\"Person\",\"@id\":\"https:\/\/thewebdevpoint.com\/ro\/#\/schema\/person\/eaad1484e1392d3fc5d35c9d5a1f7488\",\"name\":\"aysemariadav\",\"image\":{\"@type\":\"ImageObject\",\"inLanguage\":\"fr-FR\",\"@id\":\"https:\/\/thewebdevpoint.com\/ro\/#\/schema\/person\/image\/\",\"url\":\"https:\/\/secure.gravatar.com\/avatar\/a12b1c700676b68fee98499009c5f521?s=96&d=mm&r=g\",\"contentUrl\":\"https:\/\/secure.gravatar.com\/avatar\/a12b1c700676b68fee98499009c5f521?s=96&d=mm&r=g\",\"caption\":\"aysemariadav\"},\"sameAs\":[\"http:\/\/pelestest.thepoint-agency.com\"],\"url\":\"https:\/\/thewebdevpoint.com\/fr\/author\/aysemariadav\/\"}]}<\/script>\n<!-- \/ Yoast SEO plugin. -->","yoast_head_json":{"title":"Cabinet Martin St\u00f6hr &#183; Peles Test","robots":{"index":"noindex","follow":"follow","max-snippet":"max-snippet:-1","max-image-preview":"max-image-preview:large","max-video-preview":"max-video-preview:-1"},"schema":{"@context":"https:\/\/schema.org","@graph":[{"@type":"Article","@id":"https:\/\/thewebdevpoint.com\/patrimoniu\/cabinet-martin-stohr\/8689\/#article","isPartOf":{"@id":"https:\/\/thewebdevpoint.com\/patrimoniu\/cabinet-martin-stohr\/8689\/"},"author":{"name":"aysemariadav","@id":"https:\/\/thewebdevpoint.com\/ro\/#\/schema\/person\/eaad1484e1392d3fc5d35c9d5a1f7488"},"headline":"Cabinet Martin St\u00f6hr","datePublished":"2024-10-08T11:59:10+00:00","dateModified":"2024-10-08T11:59:10+00:00","mainEntityOfPage":{"@id":"https:\/\/thewebdevpoint.com\/patrimoniu\/cabinet-martin-stohr\/8689\/"},"wordCount":418,"commentCount":0,"publisher":{"@id":"https:\/\/thewebdevpoint.com\/ro\/#organization"},"keywords":["colectia de mobilier|Martin St\u00f6hr"],"articleSection":["Mobilier","Patrimoniu"],"inLanguage":"fr-FR","potentialAction":[{"@type":"CommentAction","name":"Comment","target":["https:\/\/thewebdevpoint.com\/patrimoniu\/cabinet-martin-stohr\/8689\/#respond"]}]},{"@type":"WebPage","@id":"https:\/\/thewebdevpoint.com\/patrimoniu\/cabinet-martin-stohr\/8689\/","url":"https:\/\/thewebdevpoint.com\/patrimoniu\/cabinet-martin-stohr\/8689\/","name":"Cabinet Martin St\u00f6hr &#183; Peles Test","isPartOf":{"@id":"https:\/\/thewebdevpoint.com\/ro\/#website"},"datePublished":"2024-10-08T11:59:10+00:00","dateModified":"2024-10-08T11:59:10+00:00","breadcrumb":{"@id":"https:\/\/thewebdevpoint.com\/patrimoniu\/cabinet-martin-stohr\/8689\/#breadcrumb"},"inLanguage":"fr-FR","potentialAction":[{"@type":"ReadAction","target":["https:\/\/thewebdevpoint.com\/patrimoniu\/cabinet-martin-stohr\/8689\/"]}]},{"@type":"BreadcrumbList","@id":"https:\/\/thewebdevpoint.com\/patrimoniu\/cabinet-martin-stohr\/8689\/#breadcrumb","itemListElement":[{"@type":"ListItem","position":1,"name":"Acas\u0103","item":"https:\/\/thewebdevpoint.com\/"},{"@type":"ListItem","position":2,"name":"Cabinet Martin St\u00f6hr"}]},{"@type":"WebSite","@id":"https:\/\/thewebdevpoint.com\/ro\/#website","url":"https:\/\/thewebdevpoint.com\/ro\/","name":"Peles Test","description":"","publisher":{"@id":"https:\/\/thewebdevpoint.com\/ro\/#organization"},"potentialAction":[{"@type":"SearchAction","target":{"@type":"EntryPoint","urlTemplate":"https:\/\/thewebdevpoint.com\/ro\/?s={search_term_string}"},"query-input":{"@type":"PropertyValueSpecification","valueRequired":true,"valueName":"search_term_string"}}],"inLanguage":"fr-FR"},{"@type":"Organization","@id":"https:\/\/thewebdevpoint.com\/ro\/#organization","name":"Muzeul Pele\u0219","alternateName":"MP","url":"https:\/\/thewebdevpoint.com\/ro\/","logo":{"@type":"ImageObject","inLanguage":"fr-FR","@id":"https:\/\/thewebdevpoint.com\/ro\/#\/schema\/logo\/image\/","url":"https:\/\/thewebdevpoint.com\/wp-content\/uploads\/2024\/10\/Logo.svg","contentUrl":"https:\/\/thewebdevpoint.com\/wp-content\/uploads\/2024\/10\/Logo.svg","width":251,"height":48,"caption":"Muzeul Pele\u0219"},"image":{"@id":"https:\/\/thewebdevpoint.com\/ro\/#\/schema\/logo\/image\/"}},{"@type":"Person","@id":"https:\/\/thewebdevpoint.com\/ro\/#\/schema\/person\/eaad1484e1392d3fc5d35c9d5a1f7488","name":"aysemariadav","image":{"@type":"ImageObject","inLanguage":"fr-FR","@id":"https:\/\/thewebdevpoint.com\/ro\/#\/schema\/person\/image\/","url":"https:\/\/secure.gravatar.com\/avatar\/a12b1c700676b68fee98499009c5f521?s=96&d=mm&r=g","contentUrl":"https:\/\/secure.gravatar.com\/avatar\/a12b1c700676b68fee98499009c5f521?s=96&d=mm&r=g","caption":"aysemariadav"},"sameAs":["http:\/\/pelestest.thepoint-agency.com"],"url":"https:\/\/thewebdevpoint.com\/fr\/author\/aysemariadav\/"}]}},"_links":{"self":[{"href":"https:\/\/thewebdevpoint.com\/fr\/wp-json\/wp\/v2\/posts\/8689","targetHints":{"allow":["GET"]}}],"collection":[{"href":"https:\/\/thewebdevpoint.com\/fr\/wp-json\/wp\/v2\/posts"}],"about":[{"href":"https:\/\/thewebdevpoint.com\/fr\/wp-json\/wp\/v2\/types\/post"}],"author":[{"embeddable":true,"href":"https:\/\/thewebdevpoint.com\/fr\/wp-json\/wp\/v2\/users\/1"}],"replies":[{"embeddable":true,"href":"https:\/\/thewebdevpoint.com\/fr\/wp-json\/wp\/v2\/comments?post=8689"}],"version-history":[{"count":0,"href":"https:\/\/thewebdevpoint.com\/fr\/wp-json\/wp\/v2\/posts\/8689\/revisions"}],"wp:attachment":[{"href":"https:\/\/thewebdevpoint.com\/fr\/wp-json\/wp\/v2\/media?parent=8689"}],"wp:term":[{"taxonomy":"category","embeddable":true,"href":"https:\/\/thewebdevpoint.com\/fr\/wp-json\/wp\/v2\/categories?post=8689"},{"taxonomy":"post_tag","embeddable":true,"href":"https:\/\/thewebdevpoint.com\/fr\/wp-json\/wp\/v2\/tags?post=8689"}],"curies":[{"name":"wp","href":"https:\/\/api.w.org\/{rel}","templated":true}]}}