{"id":8700,"date":"2024-10-08T11:59:10","date_gmt":"2024-10-08T11:59:10","guid":{"rendered":"https:\/\/pelestest.thepoint-agency.com\/primavara\/"},"modified":"2024-10-08T11:59:10","modified_gmt":"2024-10-08T11:59:10","slug":"primavara","status":"publish","type":"post","link":"https:\/\/thewebdevpoint.com\/fr\/patrimoniu\/primavara\/8700\/","title":{"rendered":"Printemps"},"content":{"rendered":"<p>[stag_toggle style=\u201dnormal\u201d title=\u201dD\u00e9tails de la pi\u00e8ce\u201d state=\u201dclosed\u201d]Gustav Klimt<br>Printemps<br>huile\/toile, vers 1884<br>Dimensions : 100 cm sur 55 cm<br>Th\u00e9\u00e2tre du ch\u00e2teau de Pele\u015f[\/stag_toggle]<\/p>\n<p>En 2012, le monde de l&#039;art a c\u00e9l\u00e9br\u00e9 le 150e anniversaire de la naissance du peintre autrichien Gustav Klimt \u00e0 travers des \u00e9v\u00e9nements culturels, et le Mus\u00e9e national Pele\u0219 offre aux amateurs d&#039;art l&#039;occasion de d\u00e9couvrir les premi\u00e8res cr\u00e9ations de l&#039;artiste, retrouv\u00e9es dans la collection permanente.<\/p>\n<p>\u00ab Gustav Klimt et la Kunstlerkompagnie du ch\u00e2teau de Pele\u015f \u00bb, ouvert au public du 15 septembre au 15 d\u00e9cembre 2012.<\/p>\n<p>La maison royale de Roumanie, repr\u00e9sent\u00e9e par le roi Carol Ier, a command\u00e9 26 \u0153uvres pour les int\u00e9rieurs du ch\u00e2teau de Pele\u015f, r\u00e9alis\u00e9es entre 1883 et 1886 par les artistes viennois Gustav Klimt (1862-1918), Franz Matsch (1861-1943) et Ernst Klimt (1864-1892). \u00c0 l\u2019heure actuelle, le ch\u00e2teau de Pele\u015f est le seul mus\u00e9e en Roumanie qui conserve dans son patrimoine les peintures de ces cr\u00e9ateurs autrichiens.<\/p>\n<p>Mais d\u00e9couvrons quelques faits biographiques sur Gustav Klimt, consid\u00e9r\u00e9 au fil des ann\u00e9es comme l&#039;un des peintres europ\u00e9ens les plus importants.<\/p>\n<p>Fils d&#039;un orf\u00e8vre, Klimt \u00e9tudia \u00e0 l&#039;\u00c9cole des Arts appliqu\u00e9s, conservatrice des traditions imp\u00e9riales, \u00e0 partir de 1876. Le d\u00e9but de sa carri\u00e8re de peintre fut marqu\u00e9 par le style acad\u00e9mique utilis\u00e9 pour la construction du Ring de Vienne et la d\u00e9coration des b\u00e2timents qui le bordent. L&#039;artiste, avec son fr\u00e8re Ernst et son ami Franz von Matsch, cr\u00e9a le d\u00e9cor de nombreux b\u00e2timents publics et priv\u00e9s au sein de la \u00ab\u00a0Soci\u00e9t\u00e9 des Artistes\u00a0\u00bb, fond\u00e9e en 1883. Leurs fresques de cette p\u00e9riode, destin\u00e9es \u00e0 des th\u00e9\u00e2tres et des palais, sont impr\u00e9gn\u00e9es de l&#039;historicisme viennois, marque des artistes r\u00e9unis au \u00ab\u00a0K\u00fcnstlerhaus\u00a0\u00bb. Plus tard, refusant tout compromis et fid\u00e8le \u00e0 sa propre vision, Klimt quitta le \u00ab\u00a0K\u00fcnstlerhaus\u00a0\u00bb avec d&#039;autres artistes en 1897 pour fonder la \u00ab\u00a0Vereinigung Bildender K\u00fcnstler \u00d6sterreich\u00a0\u00bb, ou \u00ab\u00a0S\u00e9cession\u00a0\u00bb, dont il fut pr\u00e9sident.<\/p>\n<p>S&#039;\u00e9loignant des traditions acad\u00e9miques et historicistes, les membres du nouveau groupe souhaitaient valoriser l&#039;originalit\u00e9 iconographique et stylistique de chaque cr\u00e9ateur, enrichir la sc\u00e8ne artistique viennoise en s&#039;adaptant aux nouveaut\u00e9s europ\u00e9ennes. Des artistes fran\u00e7ais, belges et \u00e9cossais furent invit\u00e9s \u00e0 exposer \u00e0 Vienne en 1900. Fernand Khnopff, avec qui Klimt entretenait une \u00e9troite amiti\u00e9, Jan Toorop et George Minne influenc\u00e8rent fortement son \u0153uvre d&#039;un point de vue esth\u00e9tique.<\/p>\n<p>L&#039;\u0153uvre sign\u00e9e Gustav Klimt, intitul\u00e9e Printemps, est situ\u00e9e \u00e0 gauche de la loge royale, dans la salle du th\u00e9\u00e2tre du ch\u00e2teau de Pele\u015f, et est le pendant de l&#039;\u0153uvre \u00ab \u00c9t\u00e9 \u00bb. La composition repr\u00e9sente, dans un panneau rectangulaire de taille moyenne, une jeune fille assise, all\u00e9gorie du printemps, son visage \u00e9tant rendu de trois quarts. La ligne g\u00e9n\u00e9rale qui domine la composition est oblique, r\u00e9alis\u00e9e par le personnage. La petite fille tient dans sa main une couronne de laurier marron\/ocre. Le corps d\u00e9licat, partiellement recouvert d&#039;une draperie de couleur bordeaux attach\u00e9e par une cha\u00eene en or, pr\u00e9sente au centre un motif d\u00e9coratif d&#039;influence orientale et symboliste, de forme hexagonale aux reflets dor\u00e9s, et une fleur violette au centre. La jambe qui d\u00e9passe du cadre \u00e0 gauche ferme la composition, tandis que du c\u00f4t\u00e9 oppos\u00e9 elle s&#039;ouvre \u00e0 travers les deux bras qui tiennent la couronne. Le tableau a comme pendant l&#039;all\u00e9gorie de l&#039;\u00e9t\u00e9 du panneau du m\u00eame titre. Les traits du visage et du buste sont d\u00e9licats, de teintes roses, brunes, vert p\u00e2le, les cheveux ch\u00e2tains\/roux sont attach\u00e9s avec un bandeau marron clair et les yeux noirs d\u00e9gagent un regard chaleureux. Le fond, de couleur ocre\/vert, d\u00e9cor\u00e9 d&#039;un paysage v\u00e9g\u00e9tal form\u00e9 de branches brunes, est rempli de feuilles vertes charnues et de petites fleurs blanches (probablement des pommiers).<\/p>\n<p>En divisant les plans de la composition, le personnage f\u00e9minin repr\u00e9sente la partie volume, alternant avec des espaces d\u00e9coratifs plats mais non d\u00e9pourvus de vibrations, tant du dessin (lignes droites ou obliques) que des couleurs (noir, blanc et vert).<\/p>\n<h4>Liliana Manoliu, <small>conservateur<\/small><\/h4>","protected":false},"excerpt":{"rendered":"<p>[stag_toggle style=\u201dnormal\u201d title=\u201dD\u00e9tails de l\u2019\u0153uvre\u201d state=\u201dclosed\u201d]Gustav KlimtSpringohuile\/toile, vers 1884Dimensions : 100 cm sur 55 cmSalle de th\u00e9\u00e2tre du ch\u00e2teau de Pele\u015f[\/stag_toggle] En 2012, le monde artistique a c\u00e9l\u00e9br\u00e9 les 150 ans de la naissance du peintre autrichien Gustav Klimt \u00e0 travers des \u00e9v\u00e9nements culturels, et le Mus\u00e9e national de Pele\u015f offre aux amateurs d\u2019art l\u2019opportunit\u00e9 de d\u00e9couvrir la cr\u00e9ation de jeunesse de l\u2019artiste, [\u2026]<\/p>","protected":false},"author":1,"featured_media":0,"comment_status":"open","ping_status":"open","sticky":false,"template":"","format":"standard","meta":{"_acf_changed":false,"footnotes":""},"categories":[263,259],"tags":[152],"class_list":["post-8700","post","type-post","status-publish","format-standard","hentry","category-arta-plastica","category-patrimoniu","tag-colectia-de-arta-plasticagustav-klimt"],"acf":[],"yoast_head":"<!-- This site is optimized with the Yoast SEO plugin v24.1 - https:\/\/yoast.com\/wordpress\/plugins\/seo\/ -->\n<title>Primavara &#183; Peles Test<\/title>\n<meta name=\"robots\" content=\"noindex, follow, max-snippet:-1, max-image-preview:large, max-video-preview:-1\" \/>\n<script type=\"application\/ld+json\" class=\"yoast-schema-graph\">{\"@context\":\"https:\/\/schema.org\",\"@graph\":[{\"@type\":\"Article\",\"@id\":\"https:\/\/thewebdevpoint.com\/patrimoniu\/primavara\/8700\/#article\",\"isPartOf\":{\"@id\":\"https:\/\/thewebdevpoint.com\/patrimoniu\/primavara\/8700\/\"},\"author\":{\"name\":\"aysemariadav\",\"@id\":\"https:\/\/thewebdevpoint.com\/ro\/#\/schema\/person\/eaad1484e1392d3fc5d35c9d5a1f7488\"},\"headline\":\"Primavara\",\"datePublished\":\"2024-10-08T11:59:10+00:00\",\"dateModified\":\"2024-10-08T11:59:10+00:00\",\"mainEntityOfPage\":{\"@id\":\"https:\/\/thewebdevpoint.com\/patrimoniu\/primavara\/8700\/\"},\"wordCount\":662,\"commentCount\":0,\"publisher\":{\"@id\":\"https:\/\/thewebdevpoint.com\/ro\/#organization\"},\"keywords\":[\"colectia de arta plastica|Gustav Klimt\"],\"articleSection\":[\"Arta Plastica\",\"Patrimoniu\"],\"inLanguage\":\"fr-FR\",\"potentialAction\":[{\"@type\":\"CommentAction\",\"name\":\"Comment\",\"target\":[\"https:\/\/thewebdevpoint.com\/patrimoniu\/primavara\/8700\/#respond\"]}]},{\"@type\":\"WebPage\",\"@id\":\"https:\/\/thewebdevpoint.com\/patrimoniu\/primavara\/8700\/\",\"url\":\"https:\/\/thewebdevpoint.com\/patrimoniu\/primavara\/8700\/\",\"name\":\"Primavara &#183; Peles Test\",\"isPartOf\":{\"@id\":\"https:\/\/thewebdevpoint.com\/ro\/#website\"},\"datePublished\":\"2024-10-08T11:59:10+00:00\",\"dateModified\":\"2024-10-08T11:59:10+00:00\",\"breadcrumb\":{\"@id\":\"https:\/\/thewebdevpoint.com\/patrimoniu\/primavara\/8700\/#breadcrumb\"},\"inLanguage\":\"fr-FR\",\"potentialAction\":[{\"@type\":\"ReadAction\",\"target\":[\"https:\/\/thewebdevpoint.com\/patrimoniu\/primavara\/8700\/\"]}]},{\"@type\":\"BreadcrumbList\",\"@id\":\"https:\/\/thewebdevpoint.com\/patrimoniu\/primavara\/8700\/#breadcrumb\",\"itemListElement\":[{\"@type\":\"ListItem\",\"position\":1,\"name\":\"Acas\u0103\",\"item\":\"https:\/\/thewebdevpoint.com\/\"},{\"@type\":\"ListItem\",\"position\":2,\"name\":\"Primavara\"}]},{\"@type\":\"WebSite\",\"@id\":\"https:\/\/thewebdevpoint.com\/ro\/#website\",\"url\":\"https:\/\/thewebdevpoint.com\/ro\/\",\"name\":\"Peles Test\",\"description\":\"\",\"publisher\":{\"@id\":\"https:\/\/thewebdevpoint.com\/ro\/#organization\"},\"potentialAction\":[{\"@type\":\"SearchAction\",\"target\":{\"@type\":\"EntryPoint\",\"urlTemplate\":\"https:\/\/thewebdevpoint.com\/ro\/?s={search_term_string}\"},\"query-input\":{\"@type\":\"PropertyValueSpecification\",\"valueRequired\":true,\"valueName\":\"search_term_string\"}}],\"inLanguage\":\"fr-FR\"},{\"@type\":\"Organization\",\"@id\":\"https:\/\/thewebdevpoint.com\/ro\/#organization\",\"name\":\"Muzeul Pele\u0219\",\"alternateName\":\"MP\",\"url\":\"https:\/\/thewebdevpoint.com\/ro\/\",\"logo\":{\"@type\":\"ImageObject\",\"inLanguage\":\"fr-FR\",\"@id\":\"https:\/\/thewebdevpoint.com\/ro\/#\/schema\/logo\/image\/\",\"url\":\"https:\/\/thewebdevpoint.com\/wp-content\/uploads\/2024\/10\/Logo.svg\",\"contentUrl\":\"https:\/\/thewebdevpoint.com\/wp-content\/uploads\/2024\/10\/Logo.svg\",\"width\":251,\"height\":48,\"caption\":\"Muzeul Pele\u0219\"},\"image\":{\"@id\":\"https:\/\/thewebdevpoint.com\/ro\/#\/schema\/logo\/image\/\"}},{\"@type\":\"Person\",\"@id\":\"https:\/\/thewebdevpoint.com\/ro\/#\/schema\/person\/eaad1484e1392d3fc5d35c9d5a1f7488\",\"name\":\"aysemariadav\",\"image\":{\"@type\":\"ImageObject\",\"inLanguage\":\"fr-FR\",\"@id\":\"https:\/\/thewebdevpoint.com\/ro\/#\/schema\/person\/image\/\",\"url\":\"https:\/\/secure.gravatar.com\/avatar\/a12b1c700676b68fee98499009c5f521?s=96&d=mm&r=g\",\"contentUrl\":\"https:\/\/secure.gravatar.com\/avatar\/a12b1c700676b68fee98499009c5f521?s=96&d=mm&r=g\",\"caption\":\"aysemariadav\"},\"sameAs\":[\"http:\/\/pelestest.thepoint-agency.com\"],\"url\":\"https:\/\/thewebdevpoint.com\/fr\/author\/aysemariadav\/\"}]}<\/script>\n<!-- \/ Yoast SEO plugin. -->","yoast_head_json":{"title":"Primavara &#183; Peles Test","robots":{"index":"noindex","follow":"follow","max-snippet":"max-snippet:-1","max-image-preview":"max-image-preview:large","max-video-preview":"max-video-preview:-1"},"schema":{"@context":"https:\/\/schema.org","@graph":[{"@type":"Article","@id":"https:\/\/thewebdevpoint.com\/patrimoniu\/primavara\/8700\/#article","isPartOf":{"@id":"https:\/\/thewebdevpoint.com\/patrimoniu\/primavara\/8700\/"},"author":{"name":"aysemariadav","@id":"https:\/\/thewebdevpoint.com\/ro\/#\/schema\/person\/eaad1484e1392d3fc5d35c9d5a1f7488"},"headline":"Primavara","datePublished":"2024-10-08T11:59:10+00:00","dateModified":"2024-10-08T11:59:10+00:00","mainEntityOfPage":{"@id":"https:\/\/thewebdevpoint.com\/patrimoniu\/primavara\/8700\/"},"wordCount":662,"commentCount":0,"publisher":{"@id":"https:\/\/thewebdevpoint.com\/ro\/#organization"},"keywords":["colectia de arta plastica|Gustav Klimt"],"articleSection":["Arta Plastica","Patrimoniu"],"inLanguage":"fr-FR","potentialAction":[{"@type":"CommentAction","name":"Comment","target":["https:\/\/thewebdevpoint.com\/patrimoniu\/primavara\/8700\/#respond"]}]},{"@type":"WebPage","@id":"https:\/\/thewebdevpoint.com\/patrimoniu\/primavara\/8700\/","url":"https:\/\/thewebdevpoint.com\/patrimoniu\/primavara\/8700\/","name":"Primavara &#183; Peles Test","isPartOf":{"@id":"https:\/\/thewebdevpoint.com\/ro\/#website"},"datePublished":"2024-10-08T11:59:10+00:00","dateModified":"2024-10-08T11:59:10+00:00","breadcrumb":{"@id":"https:\/\/thewebdevpoint.com\/patrimoniu\/primavara\/8700\/#breadcrumb"},"inLanguage":"fr-FR","potentialAction":[{"@type":"ReadAction","target":["https:\/\/thewebdevpoint.com\/patrimoniu\/primavara\/8700\/"]}]},{"@type":"BreadcrumbList","@id":"https:\/\/thewebdevpoint.com\/patrimoniu\/primavara\/8700\/#breadcrumb","itemListElement":[{"@type":"ListItem","position":1,"name":"Acas\u0103","item":"https:\/\/thewebdevpoint.com\/"},{"@type":"ListItem","position":2,"name":"Primavara"}]},{"@type":"WebSite","@id":"https:\/\/thewebdevpoint.com\/ro\/#website","url":"https:\/\/thewebdevpoint.com\/ro\/","name":"Peles Test","description":"","publisher":{"@id":"https:\/\/thewebdevpoint.com\/ro\/#organization"},"potentialAction":[{"@type":"SearchAction","target":{"@type":"EntryPoint","urlTemplate":"https:\/\/thewebdevpoint.com\/ro\/?s={search_term_string}"},"query-input":{"@type":"PropertyValueSpecification","valueRequired":true,"valueName":"search_term_string"}}],"inLanguage":"fr-FR"},{"@type":"Organization","@id":"https:\/\/thewebdevpoint.com\/ro\/#organization","name":"Muzeul Pele\u0219","alternateName":"MP","url":"https:\/\/thewebdevpoint.com\/ro\/","logo":{"@type":"ImageObject","inLanguage":"fr-FR","@id":"https:\/\/thewebdevpoint.com\/ro\/#\/schema\/logo\/image\/","url":"https:\/\/thewebdevpoint.com\/wp-content\/uploads\/2024\/10\/Logo.svg","contentUrl":"https:\/\/thewebdevpoint.com\/wp-content\/uploads\/2024\/10\/Logo.svg","width":251,"height":48,"caption":"Muzeul Pele\u0219"},"image":{"@id":"https:\/\/thewebdevpoint.com\/ro\/#\/schema\/logo\/image\/"}},{"@type":"Person","@id":"https:\/\/thewebdevpoint.com\/ro\/#\/schema\/person\/eaad1484e1392d3fc5d35c9d5a1f7488","name":"aysemariadav","image":{"@type":"ImageObject","inLanguage":"fr-FR","@id":"https:\/\/thewebdevpoint.com\/ro\/#\/schema\/person\/image\/","url":"https:\/\/secure.gravatar.com\/avatar\/a12b1c700676b68fee98499009c5f521?s=96&d=mm&r=g","contentUrl":"https:\/\/secure.gravatar.com\/avatar\/a12b1c700676b68fee98499009c5f521?s=96&d=mm&r=g","caption":"aysemariadav"},"sameAs":["http:\/\/pelestest.thepoint-agency.com"],"url":"https:\/\/thewebdevpoint.com\/fr\/author\/aysemariadav\/"}]}},"_links":{"self":[{"href":"https:\/\/thewebdevpoint.com\/fr\/wp-json\/wp\/v2\/posts\/8700","targetHints":{"allow":["GET"]}}],"collection":[{"href":"https:\/\/thewebdevpoint.com\/fr\/wp-json\/wp\/v2\/posts"}],"about":[{"href":"https:\/\/thewebdevpoint.com\/fr\/wp-json\/wp\/v2\/types\/post"}],"author":[{"embeddable":true,"href":"https:\/\/thewebdevpoint.com\/fr\/wp-json\/wp\/v2\/users\/1"}],"replies":[{"embeddable":true,"href":"https:\/\/thewebdevpoint.com\/fr\/wp-json\/wp\/v2\/comments?post=8700"}],"version-history":[{"count":0,"href":"https:\/\/thewebdevpoint.com\/fr\/wp-json\/wp\/v2\/posts\/8700\/revisions"}],"wp:attachment":[{"href":"https:\/\/thewebdevpoint.com\/fr\/wp-json\/wp\/v2\/media?parent=8700"}],"wp:term":[{"taxonomy":"category","embeddable":true,"href":"https:\/\/thewebdevpoint.com\/fr\/wp-json\/wp\/v2\/categories?post=8700"},{"taxonomy":"post_tag","embeddable":true,"href":"https:\/\/thewebdevpoint.com\/fr\/wp-json\/wp\/v2\/tags?post=8700"}],"curies":[{"name":"wp","href":"https:\/\/api.w.org\/{rel}","templated":true}]}}