{"id":8701,"date":"2024-10-08T11:59:10","date_gmt":"2024-10-08T11:59:10","guid":{"rendered":"https:\/\/pelestest.thepoint-agency.com\/caravela\/"},"modified":"2024-10-08T11:59:10","modified_gmt":"2024-10-08T11:59:10","slug":"caravela","status":"publish","type":"post","link":"https:\/\/thewebdevpoint.com\/fr\/patrimoniu\/caravela\/8701\/","title":{"rendered":"Caravelle"},"content":{"rendered":"<p>[stag_toggle style=\u201dnormal\u201d title=\u201dD\u00e9tails de la pi\u00e8ce\u201d state=\u201dclosed\u201d]CARAVELA, Atelier Salviati,<br \/>\nVenise, IVe\/IVe si\u00e8cle XIXe si\u00e8cle<br \/>\nVerre ; coloration en masse ; soufflage libre ; dessin ; modelage ; pulv\u00e9risation d&#039;or<br \/>\nI\u00a0: 39\u00a0cm\u00a0; DB\u00a0: 13\u00a0cm\u00a0; L\u00a0: 23\u00a0cm[\/stag_toggle]<\/p>\n<p>Pr\u00e8s de Venise, sur l&#039;\u00eele de Torcello, des objets en verre datant des VIIe-VIIIe si\u00e8cles apr\u00e8s J.-C. ont \u00e9t\u00e9 d\u00e9couverts.<\/p>\n<p>Le commerce de Venise avec l&#039;Orient et les pays de tradition verri\u00e8re a favoris\u00e9 une pratique intense de cet artisanat, qui a permis un perfectionnement des techniques plus important que dans d&#039;autres r\u00e9gions d&#039;Europe. Les verriers ayant fui Byzance apr\u00e8s la conqu\u00eate de Constantinople ont \u00e9galement jou\u00e9 un r\u00f4le important dans le d\u00e9veloppement de l&#039;art verrier \u00e0 Venise.<\/p>\n<p>Murano \u00e9tait une colonie romaine dont les habitants pratiquaient la p\u00eache et l&#039;extraction du sel. La transformation de l&#039;\u00eele en centre de production de verre eut lieu en 1291, lorsque la R\u00e9publique de Venise demanda aux verriers de s&#039;installer sur l&#039;\u00eele. L&#039;une des raisons \u00e9tait le danger pos\u00e9 par les fours de fusion du verre, qui avaient provoqu\u00e9 de nombreux incendies. La seconde, et la plus importante, \u00e9tait la crainte que, dispers\u00e9s, les verriers ne r\u00e9v\u00e8lent le secret de la transformation du verre. C&#039;est ainsi qu&#039;est n\u00e9e une communaut\u00e9 exclusive, organis\u00e9e au sein de la Corporation des Verriers. Une concurrence acharn\u00e9e r\u00e9gnait entre ses membres, chacun cherchant \u00e0 am\u00e9liorer constamment ses techniques. Ce perfectionnisme, associ\u00e9 au souci de la puret\u00e9 des mati\u00e8res premi\u00e8res et de la qualit\u00e9 du verre fondu, a permis aux verriers v\u00e9nitiens d&#039;obtenir des r\u00e9sultats exceptionnels.<\/p>\n<p>Faisant partie de la R\u00e9publique de Venise, l&#039;\u00eele de Murano jouissait d&#039;une certaine autonomie interne. Elle poss\u00e9dait non seulement son propre code de lois et son propre Conseil supr\u00eame, mais aussi sa propre monnaie et un ambassadeur \u00e0 Venise.<\/p>\n<p>Il convient de noter que lorsqu&#039;un roturier parvenait \u00e0 devenir verrier, il \u00e9tait anobli et inscrit au Livre d&#039;Or de l&#039;\u00eele. Les verriers de Murano \u00e9taient consid\u00e9r\u00e9s comme \u00e9gaux aux familles les plus nobles de Venise. En revanche, ils \u00e9taient constamment surveill\u00e9s par la police v\u00e9nitienne et soumis \u00e0 une loi s\u00e9v\u00e8re, qui interdisait de quitter l&#039;\u00eele, et plus particuli\u00e8rement les domaines v\u00e9nitiens. Certaines dispositions stipulaient\u00a0: \u00ab\u00a0Si un ouvrier ou un verrier ali\u00e8ne son art \u00e0 Venise au d\u00e9triment de la R\u00e9publique, il lui sera donn\u00e9 l&#039;ordre de rentrer au pays. S&#039;il n&#039;ob\u00e9it pas \u00e0 cet ordre, ses proches seront jet\u00e9s en prison, le for\u00e7ant ainsi \u00e0 rentrer. S&#039;il persiste dans sa d\u00e9cision de rester \u00e0 l&#039;\u00e9tranger, on enverra quelqu&#039;un \u00e0 ses trousses avec mission de le tuer.\u00a0\u00bb [1] Cette terrible rigueur, qui allait jusqu&#039;\u00e0 l&#039;emprisonnement et le recours \u00e0 des tueurs \u00e0 gages, avait une justification s\u00e9rieuse\u00a0: le prix du verre de Murano \u00e9tait exorbitant. La perte d&#039;un tel privil\u00e8ge \u00e9conomique repr\u00e9sentait un coup tr\u00e8s dur pour Venise.<\/p>\n<p>Durant la seconde moiti\u00e9 du XVe si\u00e8cle, dans les ouvrages traitant de la production italienne, on rencontre les termes \u00ab\u00a0cristal\u00a0\u00bb, \u00ab\u00a0cristal v\u00e9nitien\u00a0\u00bb ou \u00ab\u00a0cristallin\u00a0\u00bb. Tous ces termes d\u00e9signent une seule qualit\u00e9 de verre, clair et l\u00e9ger, d&#039;une grande plasticit\u00e9, qui fut le seul verre noble en Europe jusqu&#039;au d\u00e9but du XVIIe si\u00e8cle.<\/p>\n<p>L&#039;invention de la \u00ab cristalline \u00bb est due \u00e0 une famille de verriers de Murano, nomm\u00e9e Berovieri. Ce produit, beaucoup plus clair et \u00ab blanc \u00bb (incolore) que les autres bouteilles fabriqu\u00e9es jusqu&#039;alors, s&#039;\u00e9tait d\u00e9j\u00e0 r\u00e9pandu \u00e0 Venise d\u00e8s 1463. Il \u00e9tait obtenu \u00e0 partir de soude de Kali, originaire d&#039;\u00c9gypte (carbonate de sodium, qui fournissait le verre en oxyde de sodium) et de la c\u00e9l\u00e8bre pierre du Tessin (source d&#039;oxyde de calcium), dans certaines proportions qui constituaient le grand \u00ab secret des V\u00e9nitiens \u00bb.<\/p>\n<p>Des verriers de toute l&#039;Europe cherchaient \u00e0 se procurer ce pr\u00e9cieux mat\u00e9riau. Les verriers lorrains se rendirent \u00e0 Venise en 1492 et n\u00e9goci\u00e8rent un \u00e9change entre le secret du \u00ab cristal v\u00e9nitien \u00bb et leur technique de fabrication de grands miroirs et de grandes plaques de verre pour vitraux. Gr\u00e2ce \u00e0 cette initiative, les miroirs v\u00e9nitiens devinrent c\u00e9l\u00e8bres et le travail du \u00ab cristal \u00bb \u00e0 la v\u00e9nitienne se r\u00e9pandit en France, puis dans toute l&#039;Europe. Le terme \u00ab cristal \u00bb commen\u00e7a \u00e0 dispara\u00eetre, remplac\u00e9 par \u00ab cristal \u00bb, un terme g\u00e9n\u00e9rique dont la diffusion pr\u00eata \u00e0 confusion, notamment avec ce qu&#039;on appelait \u00ab cristal \u00bb \u00e0 la fin du XVIIIe si\u00e8cle et au d\u00e9but du XIXe si\u00e8cle.<\/p>\n<p>Le succ\u00e8s des produits v\u00e9nitiens fut tel que les verriers d&#039;Autriche, d&#039;Allemagne, d&#039;Angleterre, d&#039;Espagne et de France tent\u00e8rent de les imiter et travaill\u00e8rent dans le \u00ab style v\u00e9nitien \u00bb ou \u00ab style de Venise \u00bb.<\/p>\n<p>Il y eut aussi des moments de crise, comme celui de 1797, lorsque, suite \u00e0 la disparition de la R\u00e9publique de Saint-Marc et au chaos politique et social qui en r\u00e9sulta, l&#039;industrie verri\u00e8re fut menac\u00e9e d&#039;effondrement. Le style v\u00e9nitien entra en d\u00e9cadence et la popularit\u00e9 du verre de Murano fut \u00e9clips\u00e9e par le mod\u00e8le anglais et boh\u00e8me. Ce n&#039;est que dans la seconde moiti\u00e9 du XIXe si\u00e8cle que l&#039;int\u00e9r\u00eat manifest\u00e9 par les antiquaires et les collectionneurs conduisit \u00e0 un renouveau de l&#039;art verrier \u00e0 Murano.<\/p>\n<p>En 1859, le maire de Murano, Antonio Colleoni, fonda avec Antonio Salviati la soci\u00e9t\u00e9 \u00ab\u00a0Salviati &amp; C\u00a0\u00bb, qui devint le plus important fabricant v\u00e9nitien de verrerie d&#039;art. L&#039;entreprise connut un succ\u00e8s retentissant gr\u00e2ce \u00e0 ses mosa\u00efques en verre. S&#039;appuyant sur les meilleurs verriers et techniciens du secteur, les ateliers Salviati cr\u00e9\u00e8rent une impressionnante collection de pi\u00e8ces historiques et modernes, qui triomph\u00e8rent lors des foires internationales, ouvrant ainsi la voie aux march\u00e9s internationaux. Apr\u00e8s la mort du fondateur de l&#039;entreprise, survenue en 1890, ses descendants, Giulio, Silvio et Amalia Salviati, ainsi que Maurizio Camerino, r\u00e9ussirent \u00e0 maintenir leur position de leaders mondiaux de la verrerie d&#039;art jusqu&#039;aux alentours de la Premi\u00e8re Guerre mondiale.<\/p>\n<p>Comme objet du mois, nous avons choisi une pi\u00e8ce Salviati, provenant du patrimoine du Mus\u00e9e national de Pele\u0219\u00a0; il s&#039;agit d&#039;un vase en forme de caravelle, en verre jaun\u00e2tre, avec des zones dor\u00e9es et des ornements en baguette bleu-vert, sur un pied haut, muni d&#039;une anse et d&#039;un gla\u00e7on. Pi\u00e8ce historique, de style n\u00e9o-Renaissance italienne, il s&#039;agit d&#039;une copie d&#039;un vase miniature en argent, offert par les Fran\u00e7ais \u00e0 l&#039;empereur Maximilien Ier.<\/p>\n<p>La mise en forme du pied et de la coque du navire a \u00e9t\u00e9 r\u00e9alis\u00e9e par soufflage libre, tandis que la voile a \u00e9t\u00e9 construite \u00e0 partir de tiges \u00e9tir\u00e9es, qui ont ensuite \u00e9t\u00e9 fa\u00e7onn\u00e9es.<\/p>\n<p>Le proc\u00e9d\u00e9 de fa\u00e7onnage des objets en verre repose sur le fait que ce mat\u00e9riau n&#039;a pas de point de fusion fixe. Dans une large plage de temp\u00e9ratures (700-1500 degr\u00e9s), il est plastique et peut \u00eatre fa\u00e7onn\u00e9 par\u00a0:<\/p>\n<p>Souffler sur un tuyau, \u00e0 l&#039;air libre ou dans un moule ;<br \/>\n\u00e9tirage en plaques, fils, tiges, tuyaux ;<br \/>\nroulement;<br \/>\npressage;<br \/>\nproc\u00e9dures combin\u00e9es<\/p>\n<p>Les verriers de Murano \u00e9taient et restent les souffleurs les plus qualifi\u00e9s. Presque exclusivement, leurs pi\u00e8ces sont fa\u00e7onn\u00e9es par soufflage libre ou dans un moule. La composition du verre v\u00e9nitien, avec sa faible viscosit\u00e9, le rend particuli\u00e8rement adapt\u00e9 \u00e0 ce proc\u00e9d\u00e9. De plus, outre le soufflage, la d\u00e9coration \u00e0 chaud est \u00e9galement r\u00e9alis\u00e9e, selon des proc\u00e9d\u00e9s o\u00f9 les artisans de Murano excellent. Dans notre cas, les verriers v\u00e9nitiens utilisaient des pinces, l&#039;application de pastilles moul\u00e9es, le dessin de fils coll\u00e9s \u00e0 la coque du navire ou enroul\u00e9s en spirale sur le serpent qui surmonte la voile, et la pulv\u00e9risation d&#039;or.<\/p>\n<p>Apr\u00e8s le fa\u00e7onnage et la d\u00e9coration, des contraintes internes subsistent dans l&#039;objet, g\u00e9n\u00e9r\u00e9es par le refroidissement rapide du produit. Si elles ne sont pas \u00e9limin\u00e9es, elles peuvent provoquer des fissures et des cassures. Ces contraintes doivent \u00eatre rel\u00e2ch\u00e9es (d\u00e9stress\u00e9es), ce qui se fait par un traitement thermique appel\u00e9 \u00ab recuit \u00bb.<\/p>\n<p>Les valeurs esth\u00e9tiques particuli\u00e8res, la qualit\u00e9 exceptionnelle du verre et le savoir-faire artisanal justifient l&#039;inclusion de cette pi\u00e8ce dans le tr\u00e9sor du patrimoine culturel national.<\/p>\n<h4>Cornelia Dumitrescu, <small>conservateur<\/small><\/h4>","protected":false},"excerpt":{"rendered":"<p>[stag_toggle style=\u201dnormal\u201d title=\u201dD\u00e9tails de la pi\u00e8ce\u201d state=\u201dclosed\u201d]CARAVELA, Atelier Salviati, Venise, IVe\/IVe si\u00e8cle XIXe si\u00e8cle Verre ; teint\u00e9 dans la masse ; souffl\u00e9 \u00e0 la bouche ; cuit ; moul\u00e9 ; dor\u00e9 au pistolet I : 39 cm ; DB : 13 cm ; L : 23 cm[\/stag_toggle] Pr\u00e8s de Venise, sur l\u2019\u00eele de Torcello, des objets en verre datant des VIIe-VIIIe si\u00e8cles apr\u00e8s J.-C. ont \u00e9t\u00e9 d\u00e9couverts. Le commerce de Venise [\u2026]<\/p>","protected":false},"author":1,"featured_media":0,"comment_status":"open","ping_status":"open","sticky":false,"template":"","format":"standard","meta":{"_acf_changed":false,"footnotes":""},"categories":[259,265],"tags":[153],"class_list":["post-8701","post","type-post","status-publish","format-standard","hentry","category-patrimoniu","category-sticlarie","tag-atelier-salviaticolectia-de-sticlarie"],"acf":[],"yoast_head":"<!-- This site is optimized with the Yoast SEO plugin v24.1 - https:\/\/yoast.com\/wordpress\/plugins\/seo\/ -->\n<title>Caravela &#183; Peles Test<\/title>\n<meta name=\"robots\" content=\"noindex, follow, max-snippet:-1, max-image-preview:large, max-video-preview:-1\" \/>\n<script type=\"application\/ld+json\" class=\"yoast-schema-graph\">{\"@context\":\"https:\/\/schema.org\",\"@graph\":[{\"@type\":\"Article\",\"@id\":\"https:\/\/thewebdevpoint.com\/patrimoniu\/caravela\/8701\/#article\",\"isPartOf\":{\"@id\":\"https:\/\/thewebdevpoint.com\/patrimoniu\/caravela\/8701\/\"},\"author\":{\"name\":\"aysemariadav\",\"@id\":\"https:\/\/thewebdevpoint.com\/ro\/#\/schema\/person\/eaad1484e1392d3fc5d35c9d5a1f7488\"},\"headline\":\"Caravela\",\"datePublished\":\"2024-10-08T11:59:10+00:00\",\"dateModified\":\"2024-10-08T11:59:10+00:00\",\"mainEntityOfPage\":{\"@id\":\"https:\/\/thewebdevpoint.com\/patrimoniu\/caravela\/8701\/\"},\"wordCount\":1367,\"commentCount\":0,\"publisher\":{\"@id\":\"https:\/\/thewebdevpoint.com\/ro\/#organization\"},\"keywords\":[\"Atelier Salviati|colectia de sticlarie\"],\"articleSection\":[\"Patrimoniu\",\"Sticlarie\"],\"inLanguage\":\"fr-FR\",\"potentialAction\":[{\"@type\":\"CommentAction\",\"name\":\"Comment\",\"target\":[\"https:\/\/thewebdevpoint.com\/patrimoniu\/caravela\/8701\/#respond\"]}]},{\"@type\":\"WebPage\",\"@id\":\"https:\/\/thewebdevpoint.com\/patrimoniu\/caravela\/8701\/\",\"url\":\"https:\/\/thewebdevpoint.com\/patrimoniu\/caravela\/8701\/\",\"name\":\"Caravela &#183; Peles Test\",\"isPartOf\":{\"@id\":\"https:\/\/thewebdevpoint.com\/ro\/#website\"},\"datePublished\":\"2024-10-08T11:59:10+00:00\",\"dateModified\":\"2024-10-08T11:59:10+00:00\",\"breadcrumb\":{\"@id\":\"https:\/\/thewebdevpoint.com\/patrimoniu\/caravela\/8701\/#breadcrumb\"},\"inLanguage\":\"fr-FR\",\"potentialAction\":[{\"@type\":\"ReadAction\",\"target\":[\"https:\/\/thewebdevpoint.com\/patrimoniu\/caravela\/8701\/\"]}]},{\"@type\":\"BreadcrumbList\",\"@id\":\"https:\/\/thewebdevpoint.com\/patrimoniu\/caravela\/8701\/#breadcrumb\",\"itemListElement\":[{\"@type\":\"ListItem\",\"position\":1,\"name\":\"Acas\u0103\",\"item\":\"https:\/\/thewebdevpoint.com\/\"},{\"@type\":\"ListItem\",\"position\":2,\"name\":\"Caravela\"}]},{\"@type\":\"WebSite\",\"@id\":\"https:\/\/thewebdevpoint.com\/ro\/#website\",\"url\":\"https:\/\/thewebdevpoint.com\/ro\/\",\"name\":\"Peles Test\",\"description\":\"\",\"publisher\":{\"@id\":\"https:\/\/thewebdevpoint.com\/ro\/#organization\"},\"potentialAction\":[{\"@type\":\"SearchAction\",\"target\":{\"@type\":\"EntryPoint\",\"urlTemplate\":\"https:\/\/thewebdevpoint.com\/ro\/?s={search_term_string}\"},\"query-input\":{\"@type\":\"PropertyValueSpecification\",\"valueRequired\":true,\"valueName\":\"search_term_string\"}}],\"inLanguage\":\"fr-FR\"},{\"@type\":\"Organization\",\"@id\":\"https:\/\/thewebdevpoint.com\/ro\/#organization\",\"name\":\"Muzeul Pele\u0219\",\"alternateName\":\"MP\",\"url\":\"https:\/\/thewebdevpoint.com\/ro\/\",\"logo\":{\"@type\":\"ImageObject\",\"inLanguage\":\"fr-FR\",\"@id\":\"https:\/\/thewebdevpoint.com\/ro\/#\/schema\/logo\/image\/\",\"url\":\"https:\/\/thewebdevpoint.com\/wp-content\/uploads\/2024\/10\/Logo.svg\",\"contentUrl\":\"https:\/\/thewebdevpoint.com\/wp-content\/uploads\/2024\/10\/Logo.svg\",\"width\":251,\"height\":48,\"caption\":\"Muzeul Pele\u0219\"},\"image\":{\"@id\":\"https:\/\/thewebdevpoint.com\/ro\/#\/schema\/logo\/image\/\"}},{\"@type\":\"Person\",\"@id\":\"https:\/\/thewebdevpoint.com\/ro\/#\/schema\/person\/eaad1484e1392d3fc5d35c9d5a1f7488\",\"name\":\"aysemariadav\",\"image\":{\"@type\":\"ImageObject\",\"inLanguage\":\"fr-FR\",\"@id\":\"https:\/\/thewebdevpoint.com\/ro\/#\/schema\/person\/image\/\",\"url\":\"https:\/\/secure.gravatar.com\/avatar\/a12b1c700676b68fee98499009c5f521?s=96&d=mm&r=g\",\"contentUrl\":\"https:\/\/secure.gravatar.com\/avatar\/a12b1c700676b68fee98499009c5f521?s=96&d=mm&r=g\",\"caption\":\"aysemariadav\"},\"sameAs\":[\"http:\/\/pelestest.thepoint-agency.com\"],\"url\":\"https:\/\/thewebdevpoint.com\/fr\/author\/aysemariadav\/\"}]}<\/script>\n<!-- \/ Yoast SEO plugin. -->","yoast_head_json":{"title":"Caravela &#183; Peles Test","robots":{"index":"noindex","follow":"follow","max-snippet":"max-snippet:-1","max-image-preview":"max-image-preview:large","max-video-preview":"max-video-preview:-1"},"schema":{"@context":"https:\/\/schema.org","@graph":[{"@type":"Article","@id":"https:\/\/thewebdevpoint.com\/patrimoniu\/caravela\/8701\/#article","isPartOf":{"@id":"https:\/\/thewebdevpoint.com\/patrimoniu\/caravela\/8701\/"},"author":{"name":"aysemariadav","@id":"https:\/\/thewebdevpoint.com\/ro\/#\/schema\/person\/eaad1484e1392d3fc5d35c9d5a1f7488"},"headline":"Caravela","datePublished":"2024-10-08T11:59:10+00:00","dateModified":"2024-10-08T11:59:10+00:00","mainEntityOfPage":{"@id":"https:\/\/thewebdevpoint.com\/patrimoniu\/caravela\/8701\/"},"wordCount":1367,"commentCount":0,"publisher":{"@id":"https:\/\/thewebdevpoint.com\/ro\/#organization"},"keywords":["Atelier Salviati|colectia de sticlarie"],"articleSection":["Patrimoniu","Sticlarie"],"inLanguage":"fr-FR","potentialAction":[{"@type":"CommentAction","name":"Comment","target":["https:\/\/thewebdevpoint.com\/patrimoniu\/caravela\/8701\/#respond"]}]},{"@type":"WebPage","@id":"https:\/\/thewebdevpoint.com\/patrimoniu\/caravela\/8701\/","url":"https:\/\/thewebdevpoint.com\/patrimoniu\/caravela\/8701\/","name":"Caravela &#183; Peles Test","isPartOf":{"@id":"https:\/\/thewebdevpoint.com\/ro\/#website"},"datePublished":"2024-10-08T11:59:10+00:00","dateModified":"2024-10-08T11:59:10+00:00","breadcrumb":{"@id":"https:\/\/thewebdevpoint.com\/patrimoniu\/caravela\/8701\/#breadcrumb"},"inLanguage":"fr-FR","potentialAction":[{"@type":"ReadAction","target":["https:\/\/thewebdevpoint.com\/patrimoniu\/caravela\/8701\/"]}]},{"@type":"BreadcrumbList","@id":"https:\/\/thewebdevpoint.com\/patrimoniu\/caravela\/8701\/#breadcrumb","itemListElement":[{"@type":"ListItem","position":1,"name":"Acas\u0103","item":"https:\/\/thewebdevpoint.com\/"},{"@type":"ListItem","position":2,"name":"Caravela"}]},{"@type":"WebSite","@id":"https:\/\/thewebdevpoint.com\/ro\/#website","url":"https:\/\/thewebdevpoint.com\/ro\/","name":"Peles Test","description":"","publisher":{"@id":"https:\/\/thewebdevpoint.com\/ro\/#organization"},"potentialAction":[{"@type":"SearchAction","target":{"@type":"EntryPoint","urlTemplate":"https:\/\/thewebdevpoint.com\/ro\/?s={search_term_string}"},"query-input":{"@type":"PropertyValueSpecification","valueRequired":true,"valueName":"search_term_string"}}],"inLanguage":"fr-FR"},{"@type":"Organization","@id":"https:\/\/thewebdevpoint.com\/ro\/#organization","name":"Muzeul Pele\u0219","alternateName":"MP","url":"https:\/\/thewebdevpoint.com\/ro\/","logo":{"@type":"ImageObject","inLanguage":"fr-FR","@id":"https:\/\/thewebdevpoint.com\/ro\/#\/schema\/logo\/image\/","url":"https:\/\/thewebdevpoint.com\/wp-content\/uploads\/2024\/10\/Logo.svg","contentUrl":"https:\/\/thewebdevpoint.com\/wp-content\/uploads\/2024\/10\/Logo.svg","width":251,"height":48,"caption":"Muzeul Pele\u0219"},"image":{"@id":"https:\/\/thewebdevpoint.com\/ro\/#\/schema\/logo\/image\/"}},{"@type":"Person","@id":"https:\/\/thewebdevpoint.com\/ro\/#\/schema\/person\/eaad1484e1392d3fc5d35c9d5a1f7488","name":"aysemariadav","image":{"@type":"ImageObject","inLanguage":"fr-FR","@id":"https:\/\/thewebdevpoint.com\/ro\/#\/schema\/person\/image\/","url":"https:\/\/secure.gravatar.com\/avatar\/a12b1c700676b68fee98499009c5f521?s=96&d=mm&r=g","contentUrl":"https:\/\/secure.gravatar.com\/avatar\/a12b1c700676b68fee98499009c5f521?s=96&d=mm&r=g","caption":"aysemariadav"},"sameAs":["http:\/\/pelestest.thepoint-agency.com"],"url":"https:\/\/thewebdevpoint.com\/fr\/author\/aysemariadav\/"}]}},"_links":{"self":[{"href":"https:\/\/thewebdevpoint.com\/fr\/wp-json\/wp\/v2\/posts\/8701","targetHints":{"allow":["GET"]}}],"collection":[{"href":"https:\/\/thewebdevpoint.com\/fr\/wp-json\/wp\/v2\/posts"}],"about":[{"href":"https:\/\/thewebdevpoint.com\/fr\/wp-json\/wp\/v2\/types\/post"}],"author":[{"embeddable":true,"href":"https:\/\/thewebdevpoint.com\/fr\/wp-json\/wp\/v2\/users\/1"}],"replies":[{"embeddable":true,"href":"https:\/\/thewebdevpoint.com\/fr\/wp-json\/wp\/v2\/comments?post=8701"}],"version-history":[{"count":0,"href":"https:\/\/thewebdevpoint.com\/fr\/wp-json\/wp\/v2\/posts\/8701\/revisions"}],"wp:attachment":[{"href":"https:\/\/thewebdevpoint.com\/fr\/wp-json\/wp\/v2\/media?parent=8701"}],"wp:term":[{"taxonomy":"category","embeddable":true,"href":"https:\/\/thewebdevpoint.com\/fr\/wp-json\/wp\/v2\/categories?post=8701"},{"taxonomy":"post_tag","embeddable":true,"href":"https:\/\/thewebdevpoint.com\/fr\/wp-json\/wp\/v2\/tags?post=8701"}],"curies":[{"name":"wp","href":"https:\/\/api.w.org\/{rel}","templated":true}]}}