{"id":8703,"date":"2024-10-08T11:59:10","date_gmt":"2024-10-08T11:59:10","guid":{"rendered":"https:\/\/pelestest.thepoint-agency.com\/amorul-sacru-si-amorul-profan\/"},"modified":"2024-10-08T11:59:10","modified_gmt":"2024-10-08T11:59:10","slug":"amorul-sacru-si-amorul-profan","status":"publish","type":"post","link":"https:\/\/thewebdevpoint.com\/fr\/patrimoniu\/amorul-sacru-si-amorul-profan\/8703\/","title":{"rendered":"Amour sacr\u00e9 et amour profane"},"content":{"rendered":"<p>[stag_toggle style=\u201dnormal\u201d title=\u201dD\u00e9tails sur la pi\u00e8ce\u201d state=\u201dclosed\u201d],,Amour sacr\u00e9 et amour profane\u201d<br>Maximilien von Schneidt (1858 \u2013 1937)<br>Copie d&#039;apr\u00e8s Titien<br>Huile\/toile<br>167 cm x 95 cm<br>4\/4 XIXe si\u00e8cle[\/stag_toggle]<\/p>\n<p>Dans le cadre de l&#039;exposition temporaire,<a href=\"https:\/\/pelestest.thepoint-agency.com\/expozitii-temporare\/armonie-si-grandoare-arta-italiana-la-castelul-peles\/\">Harmonie et grandeur<\/a>Fran\u00e7ais, les visiteurs du mus\u00e9e peuvent admirer les objets d&#039;art italiens les plus pr\u00e9cieux de la collection royale : des meubles finement sculpt\u00e9s, des marqueteries de marbre et de pierres semi-pr\u00e9cieuses, travaill\u00e9es selon la technique de la \u00ab pietra dura \u00bb, de spectaculaires vases en majolique et de fascinants cristaux de Murano. Outre l&#039;art d\u00e9coratif, le Mus\u00e9e national de Pele\u015f met \u00e0 la disposition du grand public plusieurs sculptures de r\u00e9f\u00e9rence, ainsi qu&#039;une s\u00e9rie de peintures copi\u00e9es ou inspir\u00e9es par les artistes renomm\u00e9s de la Renaissance italienne : Rapha\u00ebl, Le Corr\u00e8ge, Titien, V\u00e9ron\u00e8se, Palma Vecchio, etc. Parmi toutes les toiles pr\u00e9sent\u00e9es dans l&#039;exposition, nous avons choisi pour illustration \u00ab Amour sacr\u00e9 et Amour profane \u00bb, savamment reproduite par Maximilian von Schneidt (1858-1937) d&#039;apr\u00e8s la c\u00e9l\u00e8bre toile du m\u00eame nom, peinte par Titien (1480 ? - 1576).<\/p>\n<p>Artiste d&#039;origine allemande, coopt\u00e9 par la Maison royale roumaine dans le vaste projet artistique de Pele\u015f, aux c\u00f4t\u00e9s de Gustav et Ernst Klimt, Franz Matsch, Georg Bregenzer, E. Ritter Gotha et d&#039;autres, Maximilian von Schneidt se distingue par son \u00e9rudition et devient, probablement vers la fin du XIXe si\u00e8cle, le conservateur de la pinacoth\u00e8que du roi Carol Ier. Sur la centaine d&#039;exemplaires identifi\u00e9s \u00e0 ce jour, r\u00e9alis\u00e9s sur commande royale entre 1880 et 1910, onze d&#039;apr\u00e8s des ma\u00eetres anciens sont li\u00e9s au nom de Maximilian von Schneidt, ainsi qu&#039;au moins une toile (peinte en 1912, sur un th\u00e8me mythologique).<\/p>\n<p>La pr\u00e9dilection du roi pour les sujets religieux \u00e9tant bien connue, le choix de la toile \u00ab\u00a0Amour sacr\u00e9 et profane\u00a0\u00bb semble, \u00e0 premi\u00e8re vue, inhabituel. Passionn\u00e9 de peinture v\u00e9nitienne, Carol Ier se tourna principalement vers les \u0153uvres de maturit\u00e9 du Titien, notamment les portraits. Cependant, la beaut\u00e9 et le myst\u00e8re du chef-d&#039;\u0153uvre de jeunesse de l&#039;artiste semblent l&#039;avoir emport\u00e9. Historiquement, en 1514, \u00e0 seulement vingt-cinq ans, encore disciple de Giovanni Bellini (1430-1516), Titien re\u00e7ut l&#039;une des plus importantes commandes de l&#039;\u00e9poque du grand chancelier de Venise, Niccolo Aurelio. Fascin\u00e9 par la beaut\u00e9 de sa future \u00e9pouse, Niccolo Aurelio souhaitait \u00e0 tout prix une union matrimoniale avec la jeune veuve, Laura Bagarotto. Le destin de Laura, cependant, semble marqu\u00e9 par le malheur\u00a0: outre la douleur caus\u00e9e par la mort pr\u00e9matur\u00e9e de son premier mari, elle devait \u00e9galement faire face \u00e0 la perte imminente de son p\u00e8re, accus\u00e9 de haute trahison par Aurelio lui-m\u00eame. Une double souffrance, que le haut fonctionnaire tente d&#039;att\u00e9nuer gr\u00e2ce au g\u00e9nie artistique de Titien. La r\u00e9conciliation entre les \u00e9poux \u2013 autant que possible \u2013 fut obtenue, et Laura Bagarotto resta finalement dans l&#039;histoire comme l&#039;heureuse propri\u00e9taire de l&#039;une des toiles les plus controvers\u00e9es jamais r\u00e9alis\u00e9es.<\/p>\n<p>Passionn\u00e9 d&#039;art et d\u00e9termin\u00e9 \u00e0 cr\u00e9er la pinacoth\u00e8que la plus envi\u00e9e de Rome, le cardinal Scipione Borghese, neveu du pape Paul V (1605-1621), acquit le tableau par l&#039;interm\u00e9diaire du cardinal Pallavicini en 1608 et l&#039;exposa dans les somptueux int\u00e9rieurs de la Villa Borghese. Pendant trois si\u00e8cles, le tableau fit le bonheur des aristocrates convi\u00e9s aux somptueux banquets organis\u00e9s par la famille. On peut encore l&#039;admirer aujourd&#039;hui, aux c\u00f4t\u00e9s d&#039;autres chefs-d&#039;\u0153uvre tels que \u00ab\u00a0Dana\u00e9\u00a0\u00bb du Corr\u00e8ge, \u00ab\u00a0Jeune homme \u00e0 la corbeille de fruits\u00a0\u00bb du Caravage et \u00ab\u00a0Pauline Borghese sous les traits de V\u00e9nus\u00a0\u00bb de Canova. M\u00eame ses liens honorables avec la famille Bonaparte par l&#039;interm\u00e9diaire de Camillo Borghese, qui devint l&#039;\u00e9poux de Pauline Bonaparte, ne persuad\u00e8rent pas Borghese de renoncer \u00e0 cette pr\u00e9cieuse acquisition. En 1807, plus de 500 objets d&#039;art de la vaste collection Borgh\u00e8se arriv\u00e8rent \u00e0 Paris et sont aujourd&#039;hui expos\u00e9s au mus\u00e9e du Louvre. Vers la fin du XIXe si\u00e8cle, les c\u00e9l\u00e8bres banquiers Rothschild offrirent aux h\u00e9ritiers de la Villa Borgh\u00e8se un prix astronomique pour la toile du Titien, un prix que, bien s\u00fbr, le roi Carol Ier, collectionneur passionn\u00e9, ne se serait jamais permis. Cependant, les descendants de Borgh\u00e8se refus\u00e8rent l&#039;offre et s&#039;obstin\u00e8rent \u00e0 pr\u00e9server ce qu&#039;ils consid\u00e9raient comme inestimable. En 1995, pour la premi\u00e8re fois, \u00ab\u00a0Amour sacr\u00e9 et amour profane\u00a0\u00bb atteint le regard avide des amateurs d&#039;art, dans le cadre d&#039;une exposition inaugur\u00e9e \u00e0 Rome.<\/p>\n<p>Pendant cinq si\u00e8cles, la toile a conserv\u00e9 intact son myst\u00e8re d&#039;antan, suscitant controverses religieuses, litt\u00e9raires et philosophiques, d&#039;autant plus que le titre actuel n&#039;est attest\u00e9 qu&#039;en 1793 ! Influenc\u00e9 par les peintures de Giovanni Bellini et de Giorgione, Titien compose un double portrait f\u00e9minin, hypostases du m\u00eame personnage, qu&#039;il place dans un charmant paysage bucolique, de part et d&#039;autre d&#039;un sarcophage-fontaine orn\u00e9 des armoiries r\u00e9unies des familles Aurelio et Bagarotto. Hommage \u00e0 l&#039;Amour, la toile souligne le dualisme sacr\u00e9-profane, mais aussi les facettes du mariage, la sph\u00e8re publique et sociale \u00e9tant strictement d\u00e9limit\u00e9e de la sph\u00e8re priv\u00e9e et intime. La jeune femme de gauche porte la tenue et les accessoires typiques des mari\u00e9es du XVIe si\u00e8cle : une robe ample, une couronne de myrte, une ceinture, des gants et un bouquet de roses, tandis que celle de droite porte une simple draperie violette sur la main gauche et un voile transparent autour des cuisses. Jeune et belle, la femme s&#039;offre au spectateur sans pudeur, mais aussi sans coquetterie. Son visage splendide, annon\u00e7ant la puret\u00e9 n\u00e9oclassique, suit distraitement le Cupidon ail\u00e9 et espi\u00e8gle. Le paysage \u00e0 l&#039;arri\u00e8re-plan, esquiss\u00e9 d&#039;une main s\u00fbre, a \u00e9t\u00e9 identifi\u00e9 comme \u00e9tant le Val Lapisina, r\u00e9sidence temporaire du peintre, la tour imposante, San Floriano, et le lac \u00e0 la surface miroitante, Lago Morto.<\/p>\n<p>Le th\u00e8me matrimonial est m\u00eal\u00e9 d&#039;all\u00e9gorie, chaque \u00e9l\u00e9ment des accessoires des deux femmes \u00e9tant soigneusement \u00e9valu\u00e9\u00a0: le myrte symbolise le bonheur conjugal, le sarcophage fait r\u00e9f\u00e9rence \u00e0 la mort malheureuse du p\u00e8re, et l&#039;opaite dans la main lev\u00e9e de la femme \u00e0 moiti\u00e9 nue, une allusion \u00e0 la foi. D&#039;un point de vue litt\u00e9raire, les sp\u00e9cialistes ont abord\u00e9 l&#039;\u0153uvre de Francesco Colonna, \u00ab\u00a0Il Sogno di Polifilo\u00a0\u00bb, les deux femmes \u00e9tant identifi\u00e9es \u00e0 Polia, la jeune femme v\u00eatue, et \u00e0 Venera, la jeune femme \u00e0 moiti\u00e9 nue. Bien qu&#039;elle jure de rester chaste, Polia ne peut tenir sa promesse et tombe dans les filets d&#039;un jeune homme, devenant la servante assidue de la d\u00e9esse de l&#039;Amour. Appr\u00e9ci\u00e9 dans les cercles aristocratiques, le th\u00e9\u00e2tre n&#039;\u00e9tait pas \u00e9tranger \u00e0 l&#039;artiste v\u00e9nitien.<\/p>\n<p>Une autre veine interpr\u00e9tative est philosophique et s&#039;inspire de la doctrine du n\u00e9oplatonisme ficinien, fond\u00e9e sur la th\u00e9orie de la compl\u00e9mentarit\u00e9 entre V\u00e9nus terrestre et V\u00e9nus c\u00e9leste. La figure de la femme \u00e0 moiti\u00e9 nue est pr\u00e9sent\u00e9e comme la V\u00e9nus c\u00e9leste, belle comme la V\u00e9rit\u00e9, dite nue. Le bras lev\u00e9 symbolise la charit\u00e9, la connaissance spirituelle, la simplicit\u00e9 et la puret\u00e9. V\u00e9nus terrestre est le symbole de la maternit\u00e9, de la force r\u00e9g\u00e9n\u00e9ratrice de la Nature. En parfaite harmonie avec le symbolisme des deux personnages, le paysage \u00e0 l&#039;arri\u00e8re-plan appara\u00eet \u00e0 moiti\u00e9 plong\u00e9 dans une semi-obscurit\u00e9, \u00e0 moiti\u00e9 baign\u00e9 d&#039;une lumi\u00e8re divine. Coloriste d&#039;une grande force, Titien confirme dans \u00ab\u00a0Amour sacr\u00e9 et amour profane\u00a0\u00bb que la valeur n&#039;attend pas le nombre des ann\u00e9es\u00a0: par des touches fines et sensibles, l&#039;artiste a cr\u00e9\u00e9 la vie, l&#039;\u00e9clat, la beaut\u00e9. Avec un g\u00e9nie \u00e9clatant, il a dos\u00e9 la couleur et produit des accents empreints de dramatisme.<\/p>\n<p>L&#039;\u0153uvre de Maximilian von Schneidt, issue de la collection Pele\u0219, ne reproduit pas m\u00e9caniquement l&#039;original, mais s&#039;impr\u00e8gne de la sensibilit\u00e9 du XIXe si\u00e8cle et du romantisme de sa personnalit\u00e9. Avec \u00ab\u00a0Amour sacr\u00e9 et amour profane\u00a0\u00bb, comme avec d&#039;autres objets d&#039;art italiens, l&#039;exposition \u00ab\u00a0Harmonie et grandeur\u00a0\u00bb invite \u00e0 un voyage imaginaire dans l&#039;univers des \u00e2ges d&#039;or de la culture humaniste europ\u00e9enne, s&#039;arr\u00eatant un instant \u00e0 ses sources.<\/p>\n<h4>Macrina Oproiu, <small>conservateur<\/small><\/h4>","protected":false},"excerpt":{"rendered":"<p>[stag_toggle style=\u201dnormal\u201d title=\u201dD\u00e9tails sur l\u2019\u0153uvre\u201d state=\u201dclosed\u201d],,Amour sacr\u00e9 et amour profane\u201dMaximilian von Schneidt (1858 \u2013 1937)Copie d\u2019apr\u00e8s TitienHuile\/toile167 cm x 95 cm4\/4 XIXe si\u00e8cle[\/stag_toggle] Dans le cadre de l\u2019exposition temporaire,,Harmonie et Grandeur\u201d, les visiteurs du mus\u00e9e peuvent admirer les objets d\u2019art italiens les plus pr\u00e9cieux de la collection royale : des meubles richement sculpt\u00e9s, des marqueteries de marbre et des pierres semi-pr\u00e9cieuses, travaill\u00e9es en [\u2026]<\/p>","protected":false},"author":1,"featured_media":0,"comment_status":"open","ping_status":"open","sticky":false,"template":"","format":"standard","meta":{"_acf_changed":false,"footnotes":""},"categories":[263,259],"tags":[155],"class_list":["post-8703","post","type-post","status-publish","format-standard","hentry","category-arta-plastica","category-patrimoniu","tag-colectia-de-arta-plasticamaximilian-von-schneidt"],"acf":[],"yoast_head":"<!-- This site is optimized with the Yoast SEO plugin v24.1 - https:\/\/yoast.com\/wordpress\/plugins\/seo\/ -->\n<title>Amorul Sacru si Amorul Profan &#183; Peles Test<\/title>\n<meta name=\"robots\" content=\"noindex, follow, max-snippet:-1, max-image-preview:large, max-video-preview:-1\" \/>\n<script type=\"application\/ld+json\" class=\"yoast-schema-graph\">{\"@context\":\"https:\/\/schema.org\",\"@graph\":[{\"@type\":\"Article\",\"@id\":\"https:\/\/thewebdevpoint.com\/patrimoniu\/amorul-sacru-si-amorul-profan\/8703\/#article\",\"isPartOf\":{\"@id\":\"https:\/\/thewebdevpoint.com\/patrimoniu\/amorul-sacru-si-amorul-profan\/8703\/\"},\"author\":{\"name\":\"aysemariadav\",\"@id\":\"https:\/\/thewebdevpoint.com\/ro\/#\/schema\/person\/eaad1484e1392d3fc5d35c9d5a1f7488\"},\"headline\":\"Amorul Sacru si Amorul Profan\",\"datePublished\":\"2024-10-08T11:59:10+00:00\",\"dateModified\":\"2024-10-08T11:59:10+00:00\",\"mainEntityOfPage\":{\"@id\":\"https:\/\/thewebdevpoint.com\/patrimoniu\/amorul-sacru-si-amorul-profan\/8703\/\"},\"wordCount\":1317,\"commentCount\":0,\"publisher\":{\"@id\":\"https:\/\/thewebdevpoint.com\/ro\/#organization\"},\"keywords\":[\"colectia de arta plastica|Maximilian von Schneidt\"],\"articleSection\":[\"Arta Plastica\",\"Patrimoniu\"],\"inLanguage\":\"fr-FR\",\"potentialAction\":[{\"@type\":\"CommentAction\",\"name\":\"Comment\",\"target\":[\"https:\/\/thewebdevpoint.com\/patrimoniu\/amorul-sacru-si-amorul-profan\/8703\/#respond\"]}]},{\"@type\":\"WebPage\",\"@id\":\"https:\/\/thewebdevpoint.com\/patrimoniu\/amorul-sacru-si-amorul-profan\/8703\/\",\"url\":\"https:\/\/thewebdevpoint.com\/patrimoniu\/amorul-sacru-si-amorul-profan\/8703\/\",\"name\":\"Amorul Sacru si Amorul Profan &#183; Peles Test\",\"isPartOf\":{\"@id\":\"https:\/\/thewebdevpoint.com\/ro\/#website\"},\"datePublished\":\"2024-10-08T11:59:10+00:00\",\"dateModified\":\"2024-10-08T11:59:10+00:00\",\"breadcrumb\":{\"@id\":\"https:\/\/thewebdevpoint.com\/patrimoniu\/amorul-sacru-si-amorul-profan\/8703\/#breadcrumb\"},\"inLanguage\":\"fr-FR\",\"potentialAction\":[{\"@type\":\"ReadAction\",\"target\":[\"https:\/\/thewebdevpoint.com\/patrimoniu\/amorul-sacru-si-amorul-profan\/8703\/\"]}]},{\"@type\":\"BreadcrumbList\",\"@id\":\"https:\/\/thewebdevpoint.com\/patrimoniu\/amorul-sacru-si-amorul-profan\/8703\/#breadcrumb\",\"itemListElement\":[{\"@type\":\"ListItem\",\"position\":1,\"name\":\"Acas\u0103\",\"item\":\"https:\/\/thewebdevpoint.com\/\"},{\"@type\":\"ListItem\",\"position\":2,\"name\":\"Amorul Sacru si Amorul Profan\"}]},{\"@type\":\"WebSite\",\"@id\":\"https:\/\/thewebdevpoint.com\/ro\/#website\",\"url\":\"https:\/\/thewebdevpoint.com\/ro\/\",\"name\":\"Peles Test\",\"description\":\"\",\"publisher\":{\"@id\":\"https:\/\/thewebdevpoint.com\/ro\/#organization\"},\"potentialAction\":[{\"@type\":\"SearchAction\",\"target\":{\"@type\":\"EntryPoint\",\"urlTemplate\":\"https:\/\/thewebdevpoint.com\/ro\/?s={search_term_string}\"},\"query-input\":{\"@type\":\"PropertyValueSpecification\",\"valueRequired\":true,\"valueName\":\"search_term_string\"}}],\"inLanguage\":\"fr-FR\"},{\"@type\":\"Organization\",\"@id\":\"https:\/\/thewebdevpoint.com\/ro\/#organization\",\"name\":\"Muzeul Pele\u0219\",\"alternateName\":\"MP\",\"url\":\"https:\/\/thewebdevpoint.com\/ro\/\",\"logo\":{\"@type\":\"ImageObject\",\"inLanguage\":\"fr-FR\",\"@id\":\"https:\/\/thewebdevpoint.com\/ro\/#\/schema\/logo\/image\/\",\"url\":\"https:\/\/thewebdevpoint.com\/wp-content\/uploads\/2024\/10\/Logo.svg\",\"contentUrl\":\"https:\/\/thewebdevpoint.com\/wp-content\/uploads\/2024\/10\/Logo.svg\",\"width\":251,\"height\":48,\"caption\":\"Muzeul Pele\u0219\"},\"image\":{\"@id\":\"https:\/\/thewebdevpoint.com\/ro\/#\/schema\/logo\/image\/\"}},{\"@type\":\"Person\",\"@id\":\"https:\/\/thewebdevpoint.com\/ro\/#\/schema\/person\/eaad1484e1392d3fc5d35c9d5a1f7488\",\"name\":\"aysemariadav\",\"image\":{\"@type\":\"ImageObject\",\"inLanguage\":\"fr-FR\",\"@id\":\"https:\/\/thewebdevpoint.com\/ro\/#\/schema\/person\/image\/\",\"url\":\"https:\/\/secure.gravatar.com\/avatar\/a12b1c700676b68fee98499009c5f521?s=96&d=mm&r=g\",\"contentUrl\":\"https:\/\/secure.gravatar.com\/avatar\/a12b1c700676b68fee98499009c5f521?s=96&d=mm&r=g\",\"caption\":\"aysemariadav\"},\"sameAs\":[\"http:\/\/pelestest.thepoint-agency.com\"],\"url\":\"https:\/\/thewebdevpoint.com\/fr\/author\/aysemariadav\/\"}]}<\/script>\n<!-- \/ Yoast SEO plugin. -->","yoast_head_json":{"title":"Amorul Sacru si Amorul Profan &#183; Peles Test","robots":{"index":"noindex","follow":"follow","max-snippet":"max-snippet:-1","max-image-preview":"max-image-preview:large","max-video-preview":"max-video-preview:-1"},"schema":{"@context":"https:\/\/schema.org","@graph":[{"@type":"Article","@id":"https:\/\/thewebdevpoint.com\/patrimoniu\/amorul-sacru-si-amorul-profan\/8703\/#article","isPartOf":{"@id":"https:\/\/thewebdevpoint.com\/patrimoniu\/amorul-sacru-si-amorul-profan\/8703\/"},"author":{"name":"aysemariadav","@id":"https:\/\/thewebdevpoint.com\/ro\/#\/schema\/person\/eaad1484e1392d3fc5d35c9d5a1f7488"},"headline":"Amorul Sacru si Amorul Profan","datePublished":"2024-10-08T11:59:10+00:00","dateModified":"2024-10-08T11:59:10+00:00","mainEntityOfPage":{"@id":"https:\/\/thewebdevpoint.com\/patrimoniu\/amorul-sacru-si-amorul-profan\/8703\/"},"wordCount":1317,"commentCount":0,"publisher":{"@id":"https:\/\/thewebdevpoint.com\/ro\/#organization"},"keywords":["colectia de arta plastica|Maximilian von Schneidt"],"articleSection":["Arta Plastica","Patrimoniu"],"inLanguage":"fr-FR","potentialAction":[{"@type":"CommentAction","name":"Comment","target":["https:\/\/thewebdevpoint.com\/patrimoniu\/amorul-sacru-si-amorul-profan\/8703\/#respond"]}]},{"@type":"WebPage","@id":"https:\/\/thewebdevpoint.com\/patrimoniu\/amorul-sacru-si-amorul-profan\/8703\/","url":"https:\/\/thewebdevpoint.com\/patrimoniu\/amorul-sacru-si-amorul-profan\/8703\/","name":"Amorul Sacru si Amorul Profan &#183; Peles Test","isPartOf":{"@id":"https:\/\/thewebdevpoint.com\/ro\/#website"},"datePublished":"2024-10-08T11:59:10+00:00","dateModified":"2024-10-08T11:59:10+00:00","breadcrumb":{"@id":"https:\/\/thewebdevpoint.com\/patrimoniu\/amorul-sacru-si-amorul-profan\/8703\/#breadcrumb"},"inLanguage":"fr-FR","potentialAction":[{"@type":"ReadAction","target":["https:\/\/thewebdevpoint.com\/patrimoniu\/amorul-sacru-si-amorul-profan\/8703\/"]}]},{"@type":"BreadcrumbList","@id":"https:\/\/thewebdevpoint.com\/patrimoniu\/amorul-sacru-si-amorul-profan\/8703\/#breadcrumb","itemListElement":[{"@type":"ListItem","position":1,"name":"Acas\u0103","item":"https:\/\/thewebdevpoint.com\/"},{"@type":"ListItem","position":2,"name":"Amorul Sacru si Amorul Profan"}]},{"@type":"WebSite","@id":"https:\/\/thewebdevpoint.com\/ro\/#website","url":"https:\/\/thewebdevpoint.com\/ro\/","name":"Peles Test","description":"","publisher":{"@id":"https:\/\/thewebdevpoint.com\/ro\/#organization"},"potentialAction":[{"@type":"SearchAction","target":{"@type":"EntryPoint","urlTemplate":"https:\/\/thewebdevpoint.com\/ro\/?s={search_term_string}"},"query-input":{"@type":"PropertyValueSpecification","valueRequired":true,"valueName":"search_term_string"}}],"inLanguage":"fr-FR"},{"@type":"Organization","@id":"https:\/\/thewebdevpoint.com\/ro\/#organization","name":"Muzeul Pele\u0219","alternateName":"MP","url":"https:\/\/thewebdevpoint.com\/ro\/","logo":{"@type":"ImageObject","inLanguage":"fr-FR","@id":"https:\/\/thewebdevpoint.com\/ro\/#\/schema\/logo\/image\/","url":"https:\/\/thewebdevpoint.com\/wp-content\/uploads\/2024\/10\/Logo.svg","contentUrl":"https:\/\/thewebdevpoint.com\/wp-content\/uploads\/2024\/10\/Logo.svg","width":251,"height":48,"caption":"Muzeul Pele\u0219"},"image":{"@id":"https:\/\/thewebdevpoint.com\/ro\/#\/schema\/logo\/image\/"}},{"@type":"Person","@id":"https:\/\/thewebdevpoint.com\/ro\/#\/schema\/person\/eaad1484e1392d3fc5d35c9d5a1f7488","name":"aysemariadav","image":{"@type":"ImageObject","inLanguage":"fr-FR","@id":"https:\/\/thewebdevpoint.com\/ro\/#\/schema\/person\/image\/","url":"https:\/\/secure.gravatar.com\/avatar\/a12b1c700676b68fee98499009c5f521?s=96&d=mm&r=g","contentUrl":"https:\/\/secure.gravatar.com\/avatar\/a12b1c700676b68fee98499009c5f521?s=96&d=mm&r=g","caption":"aysemariadav"},"sameAs":["http:\/\/pelestest.thepoint-agency.com"],"url":"https:\/\/thewebdevpoint.com\/fr\/author\/aysemariadav\/"}]}},"_links":{"self":[{"href":"https:\/\/thewebdevpoint.com\/fr\/wp-json\/wp\/v2\/posts\/8703","targetHints":{"allow":["GET"]}}],"collection":[{"href":"https:\/\/thewebdevpoint.com\/fr\/wp-json\/wp\/v2\/posts"}],"about":[{"href":"https:\/\/thewebdevpoint.com\/fr\/wp-json\/wp\/v2\/types\/post"}],"author":[{"embeddable":true,"href":"https:\/\/thewebdevpoint.com\/fr\/wp-json\/wp\/v2\/users\/1"}],"replies":[{"embeddable":true,"href":"https:\/\/thewebdevpoint.com\/fr\/wp-json\/wp\/v2\/comments?post=8703"}],"version-history":[{"count":0,"href":"https:\/\/thewebdevpoint.com\/fr\/wp-json\/wp\/v2\/posts\/8703\/revisions"}],"wp:attachment":[{"href":"https:\/\/thewebdevpoint.com\/fr\/wp-json\/wp\/v2\/media?parent=8703"}],"wp:term":[{"taxonomy":"category","embeddable":true,"href":"https:\/\/thewebdevpoint.com\/fr\/wp-json\/wp\/v2\/categories?post=8703"},{"taxonomy":"post_tag","embeddable":true,"href":"https:\/\/thewebdevpoint.com\/fr\/wp-json\/wp\/v2\/tags?post=8703"}],"curies":[{"name":"wp","href":"https:\/\/api.w.org\/{rel}","templated":true}]}}