{"id":8684,"date":"2024-10-08T11:59:10","date_gmt":"2024-10-08T11:59:10","guid":{"rendered":"https:\/\/pelestest.thepoint-agency.com\/mantia-regelui-ferdinand\/"},"modified":"2024-10-08T11:59:10","modified_gmt":"2024-10-08T11:59:10","slug":"mantia-regelui-ferdinand","status":"publish","type":"post","link":"https:\/\/thewebdevpoint.com\/ro\/patrimoniu\/mantia-regelui-ferdinand\/8684\/","title":{"rendered":"Mantia Regelui Ferdinand"},"content":{"rendered":"<p>Mantia regal\u0103, unul din \u00eensemnele regalit\u0103\u0163ii rom\u00e2ne, al\u0103turi de coroana regal\u0103, buzduganul, pavilionul regal \u015fi cifra regal\u0103, reprezint\u0103 una dintre cele mai valoroase piese ale colec\u0163iei Muzeului Na\u0163ional Pele\u015f. Simbol al autorit\u0103\u0163ii supreme, mantia este o pies\u0103 de aparat, reprezentativ\u0103 pentru ceremonialul \u00eencoron\u0103rii. Regele Ferdinand a fost primul rege al Rom\u00e2niei care a preferat la \u00eencoronare, mantia regal\u0103, \u00een timp ce \u00eenainta\u015ful lui, Regele Carol I, s-a \u00eencoronat \u00een uniform\u0103 de general.<\/p>\n<p>Concep\u0163ia artistic\u0103 apar\u0163ine pictorului Cur\u0163ii regale, Costin Petrescu \u015fi a fost realizat\u0103 \u00een ateliere vieneze. Este o pies\u0103 unicat, executat\u0103 la comanda regelui Ferdinand, cu ocazia \u00eencoron\u0103rii de la Alba Iulia, din 15 octombrie 1922. Mantia a fost inspirat\u0103 din costumul de gal\u0103 al domnitorilor rom\u00e2ni din Evul Mediu.<\/p>\n<p>Costin Petrescu (1871 \u2013 1954) provine dintr-o familie de zugravi de biserici. A beneficiat de o burs\u0103 la Paris, unde a studiat sub \u00eendrumarea lui Jean \u2013 Paul Laurens (1838 \u2013 1921, pictor \u015fi sculptor francez), la celebra Academie Julian, unde au studiat \u015fi pictorii rom\u00e2ni \u015etefan Luchian, Ioan Andreescu \u015fi Camil Ressu. A profesat la \u015ecoala de Belle Arte din Bucure\u015fti, perioad\u0103 \u00een care a participat \u015fi la Saloanele Oficiale de pictur\u0103. Artistul a pictat peste 50 de biserici, printre care \u015fi decora\u0163ia interioar\u0103 din Catedrala Re\u00eentregirii Neamului, de la Alba Iulia, cunoscut\u0103 \u015fi sub numele de Catedrala \u00cencoron\u0103rii.<\/p>\n<p><img fetchpriority=\"high\" decoding=\"async\" class=\"size-full wp-image-2029 aligncenter\" title=\"Mantia Regelui Ferdinand\" src=\"https:\/\/web.archive.org\/web\/20150822015857im_\/https:\/\/pelestest.thepoint-agency.com\/wp-content\/uploads\/2011\/01\/IMG_0006.jpg\" alt=\"Mantia Regelui Ferdinand\" width=\"550\" height=\"413\" \/>Pictura mural\u0103 a fost realizat\u0103 \u00een tehnica ,,al fresca\u201d \u015fi se \u00eenscrie \u00een spiritul iconografiei tradi\u0163ionale. De o parte \u015fi de alta a intr\u0103rii, apar portretele suveranilor Rom\u00e2niei Mari, Regele Ferdinand I \u00centregitorul \u015fi regina Maria. \u00cens\u0103, capodopera sa r\u0103m\u00e2ne fresca monumental\u0103 de la baza cupolei S\u0103lii de Concerte a Ateneului Rom\u00e2n, ,,Istoria poporului rom\u00e2n\u201d, \u00eenceput\u0103 \u00een anul 1933 \u015fi inaugurat\u0103 la 26 mai 1938, alc\u0103tuit\u0103 din 25 de scene reprezentative din istoria Rom\u00e2niei.<\/p>\n<p>Mantia regal\u0103 a regelui Ferdinand I este confec\u0163ionat\u0103 dintr-o \u0163es\u0103tur\u0103 de m\u0103tase ro\u015fu regal, lung\u0103 p\u00e2n\u0103 la glezne, ornamentat\u0103 cu fir de aur (brocat), cu un guler mare de hermin\u0103, tivit\u0103 pe margini tot cu hermin\u0103. Bordura din fa\u0163\u0103 \u015fi gulerul semioval, cu bordur\u0103 brodat\u0103 pe fond de catifea bej, completat\u0103 spre interior \u015fi pe latura din fa\u0163\u0103 cu bordur\u0103 brodat\u0103 cu fir de aur pe fond bordo, se continu\u0103 cu \u015fapte motive, \u00eensemne heraldice ale Rom\u00e2niei unificate: stema Munteniei, a Moldovei, a Dobrogei, stema familiei de Hohenzollern, a Olteniei \u015fi Banatului, a Transilvaniei \u015fi, din nou, a Munteniei. Pe toat\u0103 suprafa\u0163a, sunt pres\u0103rate motive circulare brodate cu crucea ordinului ,,Mihai Viteazul\u201d. \u00cencheiat\u0103 la g\u00e2t cu dou\u0103 paftale circulare din argint aurit, \u015fi dou\u0103 grupuri de c\u00e2te \u015fase aplica\u0163ii brodate cu fir, terminate la capetele interioare cu ciucure.<\/p>\n<h4>Izabela T\u00f6r\u00f6k,<small> muzeograf<\/small><\/h4>\n","protected":false},"excerpt":{"rendered":"<p>Mantia regal\u0103, unul din \u00eensemnele regalit\u0103\u0163ii rom\u00e2ne, al\u0103turi de coroana regal\u0103, buzduganul, pavilionul regal \u015fi cifra regal\u0103, reprezint\u0103 una dintre cele mai valoroase piese ale colec\u0163iei Muzeului Na\u0163ional Pele\u015f. Simbol al autorit\u0103\u0163ii supreme, mantia este o pies\u0103 de aparat, reprezentativ\u0103 pentru ceremonialul \u00eencoron\u0103rii. Regele Ferdinand a fost primul rege al Rom\u00e2niei care a preferat la [&hellip;]<\/p>\n","protected":false},"author":1,"featured_media":0,"comment_status":"open","ping_status":"open","sticky":false,"template":"","format":"standard","meta":{"_acf_changed":false,"footnotes":""},"categories":[259,261],"tags":[131],"class_list":["post-8684","post","type-post","status-publish","format-standard","hentry","category-patrimoniu","category-textile","tag-colectia-de-textilecostin-petrescuregele-ferdinand"],"acf":[],"yoast_head":"<!-- This site is optimized with the Yoast SEO plugin v24.1 - https:\/\/yoast.com\/wordpress\/plugins\/seo\/ -->\n<title>Mantia Regelui Ferdinand &#183; Peles Test<\/title>\n<meta name=\"robots\" content=\"noindex, follow, max-snippet:-1, max-image-preview:large, max-video-preview:-1\" \/>\n<script type=\"application\/ld+json\" class=\"yoast-schema-graph\">{\"@context\":\"https:\/\/schema.org\",\"@graph\":[{\"@type\":\"Article\",\"@id\":\"https:\/\/thewebdevpoint.com\/patrimoniu\/mantia-regelui-ferdinand\/8684\/#article\",\"isPartOf\":{\"@id\":\"https:\/\/thewebdevpoint.com\/patrimoniu\/mantia-regelui-ferdinand\/8684\/\"},\"author\":{\"name\":\"aysemariadav\",\"@id\":\"https:\/\/thewebdevpoint.com\/ro\/#\/schema\/person\/eaad1484e1392d3fc5d35c9d5a1f7488\"},\"headline\":\"Mantia Regelui Ferdinand\",\"datePublished\":\"2024-10-08T11:59:10+00:00\",\"dateModified\":\"2024-10-08T11:59:10+00:00\",\"mainEntityOfPage\":{\"@id\":\"https:\/\/thewebdevpoint.com\/patrimoniu\/mantia-regelui-ferdinand\/8684\/\"},\"wordCount\":467,\"commentCount\":0,\"publisher\":{\"@id\":\"https:\/\/thewebdevpoint.com\/ro\/#organization\"},\"image\":{\"@id\":\"https:\/\/thewebdevpoint.com\/patrimoniu\/mantia-regelui-ferdinand\/8684\/#primaryimage\"},\"thumbnailUrl\":\"https:\/\/web.archive.org\/web\/20150822015857im_\/https:\/\/pelestest.thepoint-agency.com\/wp-content\/uploads\/2011\/01\/IMG_0006.jpg\",\"keywords\":[\"colectia de textile|Costin Petrescu|regele ferdinand\"],\"articleSection\":[\"Patrimoniu\",\"Textile\"],\"inLanguage\":\"ro-RO\",\"potentialAction\":[{\"@type\":\"CommentAction\",\"name\":\"Comment\",\"target\":[\"https:\/\/thewebdevpoint.com\/patrimoniu\/mantia-regelui-ferdinand\/8684\/#respond\"]}]},{\"@type\":\"WebPage\",\"@id\":\"https:\/\/thewebdevpoint.com\/patrimoniu\/mantia-regelui-ferdinand\/8684\/\",\"url\":\"https:\/\/thewebdevpoint.com\/patrimoniu\/mantia-regelui-ferdinand\/8684\/\",\"name\":\"Mantia Regelui Ferdinand &#183; Peles Test\",\"isPartOf\":{\"@id\":\"https:\/\/thewebdevpoint.com\/ro\/#website\"},\"primaryImageOfPage\":{\"@id\":\"https:\/\/thewebdevpoint.com\/patrimoniu\/mantia-regelui-ferdinand\/8684\/#primaryimage\"},\"image\":{\"@id\":\"https:\/\/thewebdevpoint.com\/patrimoniu\/mantia-regelui-ferdinand\/8684\/#primaryimage\"},\"thumbnailUrl\":\"https:\/\/web.archive.org\/web\/20150822015857im_\/https:\/\/pelestest.thepoint-agency.com\/wp-content\/uploads\/2011\/01\/IMG_0006.jpg\",\"datePublished\":\"2024-10-08T11:59:10+00:00\",\"dateModified\":\"2024-10-08T11:59:10+00:00\",\"breadcrumb\":{\"@id\":\"https:\/\/thewebdevpoint.com\/patrimoniu\/mantia-regelui-ferdinand\/8684\/#breadcrumb\"},\"inLanguage\":\"ro-RO\",\"potentialAction\":[{\"@type\":\"ReadAction\",\"target\":[\"https:\/\/thewebdevpoint.com\/patrimoniu\/mantia-regelui-ferdinand\/8684\/\"]}]},{\"@type\":\"ImageObject\",\"inLanguage\":\"ro-RO\",\"@id\":\"https:\/\/thewebdevpoint.com\/patrimoniu\/mantia-regelui-ferdinand\/8684\/#primaryimage\",\"url\":\"https:\/\/web.archive.org\/web\/20150822015857im_\/https:\/\/pelestest.thepoint-agency.com\/wp-content\/uploads\/2011\/01\/IMG_0006.jpg\",\"contentUrl\":\"https:\/\/web.archive.org\/web\/20150822015857im_\/https:\/\/pelestest.thepoint-agency.com\/wp-content\/uploads\/2011\/01\/IMG_0006.jpg\"},{\"@type\":\"BreadcrumbList\",\"@id\":\"https:\/\/thewebdevpoint.com\/patrimoniu\/mantia-regelui-ferdinand\/8684\/#breadcrumb\",\"itemListElement\":[{\"@type\":\"ListItem\",\"position\":1,\"name\":\"Acas\u0103\",\"item\":\"https:\/\/thewebdevpoint.com\/\"},{\"@type\":\"ListItem\",\"position\":2,\"name\":\"Mantia Regelui Ferdinand\"}]},{\"@type\":\"WebSite\",\"@id\":\"https:\/\/thewebdevpoint.com\/ro\/#website\",\"url\":\"https:\/\/thewebdevpoint.com\/ro\/\",\"name\":\"Peles Test\",\"description\":\"\",\"publisher\":{\"@id\":\"https:\/\/thewebdevpoint.com\/ro\/#organization\"},\"potentialAction\":[{\"@type\":\"SearchAction\",\"target\":{\"@type\":\"EntryPoint\",\"urlTemplate\":\"https:\/\/thewebdevpoint.com\/ro\/?s={search_term_string}\"},\"query-input\":{\"@type\":\"PropertyValueSpecification\",\"valueRequired\":true,\"valueName\":\"search_term_string\"}}],\"inLanguage\":\"ro-RO\"},{\"@type\":\"Organization\",\"@id\":\"https:\/\/thewebdevpoint.com\/ro\/#organization\",\"name\":\"Muzeul Pele\u0219\",\"alternateName\":\"MP\",\"url\":\"https:\/\/thewebdevpoint.com\/ro\/\",\"logo\":{\"@type\":\"ImageObject\",\"inLanguage\":\"ro-RO\",\"@id\":\"https:\/\/thewebdevpoint.com\/ro\/#\/schema\/logo\/image\/\",\"url\":\"https:\/\/thewebdevpoint.com\/wp-content\/uploads\/2024\/10\/Logo.svg\",\"contentUrl\":\"https:\/\/thewebdevpoint.com\/wp-content\/uploads\/2024\/10\/Logo.svg\",\"width\":251,\"height\":48,\"caption\":\"Muzeul Pele\u0219\"},\"image\":{\"@id\":\"https:\/\/thewebdevpoint.com\/ro\/#\/schema\/logo\/image\/\"}},{\"@type\":\"Person\",\"@id\":\"https:\/\/thewebdevpoint.com\/ro\/#\/schema\/person\/eaad1484e1392d3fc5d35c9d5a1f7488\",\"name\":\"aysemariadav\",\"image\":{\"@type\":\"ImageObject\",\"inLanguage\":\"ro-RO\",\"@id\":\"https:\/\/thewebdevpoint.com\/ro\/#\/schema\/person\/image\/\",\"url\":\"https:\/\/secure.gravatar.com\/avatar\/a12b1c700676b68fee98499009c5f521?s=96&d=mm&r=g\",\"contentUrl\":\"https:\/\/secure.gravatar.com\/avatar\/a12b1c700676b68fee98499009c5f521?s=96&d=mm&r=g\",\"caption\":\"aysemariadav\"},\"sameAs\":[\"http:\/\/pelestest.thepoint-agency.com\"],\"url\":\"https:\/\/thewebdevpoint.com\/ro\/author\/aysemariadav\/\"}]}<\/script>\n<!-- \/ Yoast SEO plugin. -->","yoast_head_json":{"title":"Mantia Regelui Ferdinand &#183; Peles Test","robots":{"index":"noindex","follow":"follow","max-snippet":"max-snippet:-1","max-image-preview":"max-image-preview:large","max-video-preview":"max-video-preview:-1"},"schema":{"@context":"https:\/\/schema.org","@graph":[{"@type":"Article","@id":"https:\/\/thewebdevpoint.com\/patrimoniu\/mantia-regelui-ferdinand\/8684\/#article","isPartOf":{"@id":"https:\/\/thewebdevpoint.com\/patrimoniu\/mantia-regelui-ferdinand\/8684\/"},"author":{"name":"aysemariadav","@id":"https:\/\/thewebdevpoint.com\/ro\/#\/schema\/person\/eaad1484e1392d3fc5d35c9d5a1f7488"},"headline":"Mantia Regelui Ferdinand","datePublished":"2024-10-08T11:59:10+00:00","dateModified":"2024-10-08T11:59:10+00:00","mainEntityOfPage":{"@id":"https:\/\/thewebdevpoint.com\/patrimoniu\/mantia-regelui-ferdinand\/8684\/"},"wordCount":467,"commentCount":0,"publisher":{"@id":"https:\/\/thewebdevpoint.com\/ro\/#organization"},"image":{"@id":"https:\/\/thewebdevpoint.com\/patrimoniu\/mantia-regelui-ferdinand\/8684\/#primaryimage"},"thumbnailUrl":"https:\/\/web.archive.org\/web\/20150822015857im_\/https:\/\/pelestest.thepoint-agency.com\/wp-content\/uploads\/2011\/01\/IMG_0006.jpg","keywords":["colectia de textile|Costin Petrescu|regele ferdinand"],"articleSection":["Patrimoniu","Textile"],"inLanguage":"ro-RO","potentialAction":[{"@type":"CommentAction","name":"Comment","target":["https:\/\/thewebdevpoint.com\/patrimoniu\/mantia-regelui-ferdinand\/8684\/#respond"]}]},{"@type":"WebPage","@id":"https:\/\/thewebdevpoint.com\/patrimoniu\/mantia-regelui-ferdinand\/8684\/","url":"https:\/\/thewebdevpoint.com\/patrimoniu\/mantia-regelui-ferdinand\/8684\/","name":"Mantia Regelui Ferdinand &#183; Peles Test","isPartOf":{"@id":"https:\/\/thewebdevpoint.com\/ro\/#website"},"primaryImageOfPage":{"@id":"https:\/\/thewebdevpoint.com\/patrimoniu\/mantia-regelui-ferdinand\/8684\/#primaryimage"},"image":{"@id":"https:\/\/thewebdevpoint.com\/patrimoniu\/mantia-regelui-ferdinand\/8684\/#primaryimage"},"thumbnailUrl":"https:\/\/web.archive.org\/web\/20150822015857im_\/https:\/\/pelestest.thepoint-agency.com\/wp-content\/uploads\/2011\/01\/IMG_0006.jpg","datePublished":"2024-10-08T11:59:10+00:00","dateModified":"2024-10-08T11:59:10+00:00","breadcrumb":{"@id":"https:\/\/thewebdevpoint.com\/patrimoniu\/mantia-regelui-ferdinand\/8684\/#breadcrumb"},"inLanguage":"ro-RO","potentialAction":[{"@type":"ReadAction","target":["https:\/\/thewebdevpoint.com\/patrimoniu\/mantia-regelui-ferdinand\/8684\/"]}]},{"@type":"ImageObject","inLanguage":"ro-RO","@id":"https:\/\/thewebdevpoint.com\/patrimoniu\/mantia-regelui-ferdinand\/8684\/#primaryimage","url":"https:\/\/web.archive.org\/web\/20150822015857im_\/https:\/\/pelestest.thepoint-agency.com\/wp-content\/uploads\/2011\/01\/IMG_0006.jpg","contentUrl":"https:\/\/web.archive.org\/web\/20150822015857im_\/https:\/\/pelestest.thepoint-agency.com\/wp-content\/uploads\/2011\/01\/IMG_0006.jpg"},{"@type":"BreadcrumbList","@id":"https:\/\/thewebdevpoint.com\/patrimoniu\/mantia-regelui-ferdinand\/8684\/#breadcrumb","itemListElement":[{"@type":"ListItem","position":1,"name":"Acas\u0103","item":"https:\/\/thewebdevpoint.com\/"},{"@type":"ListItem","position":2,"name":"Mantia Regelui Ferdinand"}]},{"@type":"WebSite","@id":"https:\/\/thewebdevpoint.com\/ro\/#website","url":"https:\/\/thewebdevpoint.com\/ro\/","name":"Peles Test","description":"","publisher":{"@id":"https:\/\/thewebdevpoint.com\/ro\/#organization"},"potentialAction":[{"@type":"SearchAction","target":{"@type":"EntryPoint","urlTemplate":"https:\/\/thewebdevpoint.com\/ro\/?s={search_term_string}"},"query-input":{"@type":"PropertyValueSpecification","valueRequired":true,"valueName":"search_term_string"}}],"inLanguage":"ro-RO"},{"@type":"Organization","@id":"https:\/\/thewebdevpoint.com\/ro\/#organization","name":"Muzeul Pele\u0219","alternateName":"MP","url":"https:\/\/thewebdevpoint.com\/ro\/","logo":{"@type":"ImageObject","inLanguage":"ro-RO","@id":"https:\/\/thewebdevpoint.com\/ro\/#\/schema\/logo\/image\/","url":"https:\/\/thewebdevpoint.com\/wp-content\/uploads\/2024\/10\/Logo.svg","contentUrl":"https:\/\/thewebdevpoint.com\/wp-content\/uploads\/2024\/10\/Logo.svg","width":251,"height":48,"caption":"Muzeul Pele\u0219"},"image":{"@id":"https:\/\/thewebdevpoint.com\/ro\/#\/schema\/logo\/image\/"}},{"@type":"Person","@id":"https:\/\/thewebdevpoint.com\/ro\/#\/schema\/person\/eaad1484e1392d3fc5d35c9d5a1f7488","name":"aysemariadav","image":{"@type":"ImageObject","inLanguage":"ro-RO","@id":"https:\/\/thewebdevpoint.com\/ro\/#\/schema\/person\/image\/","url":"https:\/\/secure.gravatar.com\/avatar\/a12b1c700676b68fee98499009c5f521?s=96&d=mm&r=g","contentUrl":"https:\/\/secure.gravatar.com\/avatar\/a12b1c700676b68fee98499009c5f521?s=96&d=mm&r=g","caption":"aysemariadav"},"sameAs":["http:\/\/pelestest.thepoint-agency.com"],"url":"https:\/\/thewebdevpoint.com\/ro\/author\/aysemariadav\/"}]}},"_links":{"self":[{"href":"https:\/\/thewebdevpoint.com\/ro\/wp-json\/wp\/v2\/posts\/8684","targetHints":{"allow":["GET"]}}],"collection":[{"href":"https:\/\/thewebdevpoint.com\/ro\/wp-json\/wp\/v2\/posts"}],"about":[{"href":"https:\/\/thewebdevpoint.com\/ro\/wp-json\/wp\/v2\/types\/post"}],"author":[{"embeddable":true,"href":"https:\/\/thewebdevpoint.com\/ro\/wp-json\/wp\/v2\/users\/1"}],"replies":[{"embeddable":true,"href":"https:\/\/thewebdevpoint.com\/ro\/wp-json\/wp\/v2\/comments?post=8684"}],"version-history":[{"count":0,"href":"https:\/\/thewebdevpoint.com\/ro\/wp-json\/wp\/v2\/posts\/8684\/revisions"}],"wp:attachment":[{"href":"https:\/\/thewebdevpoint.com\/ro\/wp-json\/wp\/v2\/media?parent=8684"}],"wp:term":[{"taxonomy":"category","embeddable":true,"href":"https:\/\/thewebdevpoint.com\/ro\/wp-json\/wp\/v2\/categories?post=8684"},{"taxonomy":"post_tag","embeddable":true,"href":"https:\/\/thewebdevpoint.com\/ro\/wp-json\/wp\/v2\/tags?post=8684"}],"curies":[{"name":"wp","href":"https:\/\/api.w.org\/{rel}","templated":true}]}}