{"id":8691,"date":"2024-10-08T11:59:10","date_gmt":"2024-10-08T11:59:10","guid":{"rendered":"https:\/\/pelestest.thepoint-agency.com\/pocal-de-logodna\/"},"modified":"2024-10-08T11:59:10","modified_gmt":"2024-10-08T11:59:10","slug":"pocal-de-logodna","status":"publish","type":"post","link":"https:\/\/thewebdevpoint.com\/ro\/patrimoniu\/pocal-de-logodna\/8691\/","title":{"rendered":"Pocal De Logodna"},"content":{"rendered":"<p>\u00cen colec\u0163ia de orfevr\u0103rie a Castelului Pele\u015f, se afl\u0103 un pocal creat la finele secolului al XIX-lea, care poart\u0103 marca atelierului german, N\u00fcrnberg. Realizat din aram\u0103 argintat\u0103, pocalul cu \u00een\u0103l\u0163imea de 21,5 cm., reprezint\u0103 un personaj feminin, \u00een ve\u015fminte din secolul al XVII-lea, de tip burghez olandez, caracterizate prin volume ample, forme curbe, \u00een contrast cu costumul spaniol, mai sobru \u00een desenul liniilor.<\/p>\n<p>C\u0103ma\u015fa vizibil\u0103 la guler, cu m\u00e2neci str\u00e2mte \u015fi man\u015fete acoperind \u00eencheieturile m\u00e2inilor, ca \u015fi gulerul bogat sugereaz\u0103 ideea de dantel\u0103, oferind o imagine fidel\u0103 a cochet\u0103riei feminine din epoc\u0103 Olanda a lansat moda jachetei scurte \u015fi a corsetului care sus\u0163inea talia, \u00eenchiz\u00e2ndu-se \u00een fa\u0163\u0103 cu nasturi. P\u0103rul este piept\u0103nat spre spate \u015fi str\u00e2ns \u00een coc. Fusta ampl\u0103, reprezent\u00e2nd cupa, bufant\u0103 pentru a accentua \u015foldurile, se constituie din dou\u0103 straturi, cel superior, cu volute floral-vegetale despicat larg, las\u0103 la vedere fusta de dedesubt, cu volane orizontale, decorate \u00een registre suprapuse, cu palmete, motiv re\u0163ea \u015fi motiv floral-vegetal. Capul este u\u015for \u00eenclinat pe spate, privirea \u00eendreptat\u0103 c\u0103tre cupa mic\u0103, mobil\u0103, decorat\u0103 cu motiv re\u0163ea \u015fi motive vegetale. Cupa este sus\u0163inut\u0103 de cele dou\u0103 tije lungi cu decor aplicat cu volute \u00een ,,C\u201d, terminate cu capete de grifon, pe care t\u00e2n\u0103ra le poart\u0103 \u00een bra\u0163ele ridicate. Acest pocal de logodn\u0103 este m\u0103rturia talentului deosebit al orfevrilor germani, care de\u0163in \u015ftiin\u0163a \u00eembin\u0103rii tehnicii de cioc\u0103nire, cu aceea a pres\u0103rii, grav\u0103rii \u015fi argint\u0103rii, \u00een scopul realiz\u0103rii unei opere de art\u0103 de mare valoare estetic\u0103.<\/p>\n<p>\u00cen zilele noastre, me\u015fterii orfevri devin din ce \u00een ce mai inventivi, astfel c\u0103 vestitele pocale de logodn\u0103 sunt prev\u0103zute at\u00e2t cu o cup\u0103 fix\u0103, reprezentat\u0103 de fusta lung\u0103, ampl\u0103, c\u00e2t \u015fi cu cea mobil\u0103, decorate cu cartu\u015fe lise, pentru a permite gravarea numelui \u015fi a datei c\u0103s\u0103toriei mirilor, iar uneori, fusta ampl\u0103 ofer\u0103 spa\u0163iu suficient pentru inserarea, prin gravare, a unui poem \u00eentreg. Se \u00eent\u00e2lnesc \u015fi pocale de logodn\u0103 care au cupele realizate din cristal, p\u0103str\u00e2ndu-se din vechea ornamenta\u0163ie, doar trunchiul \u015fi bra\u0163ele din argint.<\/p>\n<p>Legenda pocalului de logodn\u0103, \u00eenc\u0103rcat\u0103 de romantism, dateaz\u0103 de la mijlocul secolului al XV-lea, apari\u0163ia sa fiind legat\u0103 de vechiul burg, N\u00fcrnberg. Conform legendei, nobila Kunigunde s-a \u00eendr\u0103gostit de un t\u00e2n\u0103r \u015fi ambi\u0163ios me\u015fter argintar, spre nemul\u0163umirea tat\u0103lui, un aristocrat vestit, care se \u00eempotrive\u015fte pove\u015ftii lor de iubire. \u00cendr\u0103gostit\u0103 peste m\u0103sur\u0103, ea refuz\u0103 pe r\u00e2nd cele mai avantajoase partide matrimoniale, st\u00e2rnind furia patern\u0103.<\/p>\n<p>Tat\u0103l tinerei ordon\u0103 \u00eentemni\u0163area me\u015fterului, dar lacrimile \u015fi triste\u0163ea tot mai accentuat\u0103 a frumoasei Kunigunde, \u00eel \u00eenduplec\u0103 \u00een cele din urm\u0103. Libertatea are \u00eens\u0103 pre\u0163ul s\u0103u \u015fi este condi\u0163ionat\u0103 de gradul de m\u0103iestrie al t\u00e2n\u0103rului, obligat s\u0103 f\u0103ureasc\u0103 un pocal fermecat, din care doi oameni s\u0103 poat\u0103 bea simultan, f\u0103r\u0103 a se pierde o pic\u0103tur\u0103 de licoare.<\/p>\n<p>Inspirat de dragoste \u015fi dotat cu un talent deosebit, t\u00e2n\u0103rul a realizat o capodoper\u0103: a sculptat o fecioar\u0103, cu z\u00e2mbetul suav al iubitei sale. Fusta ei servea drept cup\u0103. Bra\u0163ele fetei, ridicate deasupra capului sus\u0163ineau o alt\u0103 cup\u0103 mai mic\u0103, mobil\u0103. Pus \u00een fa\u0163a faptului \u00eemplinit, tat\u0103l \u00ee\u015fi \u0163ine promisiunea \u015fi accept\u0103 c\u0103s\u0103toria celor doi tineri. La nunt\u0103, mirele \u015fi mireasa au b\u0103ut din acel pocal \u015fi astfel legenda s-a transformat \u00een tradi\u0163ie, care dureaz\u0103 de secole. Pocalul a r\u0103mas p\u00e2n\u0103 ast\u0103zi simbolul dragostei, al fidelit\u0103\u0163ii, al norocului. Din N\u00fcrnberg, tradi\u0163ia s-a r\u0103sp\u00e2ndit rapid \u00een \u00eentreaga lume.<\/p>\n<h4>Corina Dumitrache, <small>muzeograf<\/small><\/h4>\n","protected":false},"excerpt":{"rendered":"<p>\u00cen colec\u0163ia de orfevr\u0103rie a Castelului Pele\u015f, se afl\u0103 un pocal creat la finele secolului al XIX-lea, care poart\u0103 marca atelierului german, N\u00fcrnberg. Realizat din aram\u0103 argintat\u0103, pocalul cu \u00een\u0103l\u0163imea de 21,5 cm., reprezint\u0103 un personaj feminin, \u00een ve\u015fminte din secolul al XVII-lea, de tip burghez olandez, caracterizate prin volume ample, forme curbe, \u00een contrast [&hellip;]<\/p>\n","protected":false},"author":1,"featured_media":0,"comment_status":"open","ping_status":"open","sticky":false,"template":"","format":"standard","meta":{"_acf_changed":false,"footnotes":""},"categories":[260,259],"tags":[142],"class_list":["post-8691","post","type-post","status-publish","format-standard","hentry","category-argint-si-metal-comun","category-patrimoniu","tag-atelier-nurnbergcolectia-de-argint-si-metal-comun"],"acf":[],"yoast_head":"<!-- This site is optimized with the Yoast SEO plugin v24.1 - https:\/\/yoast.com\/wordpress\/plugins\/seo\/ -->\n<title>Pocal De Logodna &#183; Peles Test<\/title>\n<meta name=\"robots\" content=\"noindex, follow, max-snippet:-1, max-image-preview:large, max-video-preview:-1\" \/>\n<script type=\"application\/ld+json\" class=\"yoast-schema-graph\">{\"@context\":\"https:\/\/schema.org\",\"@graph\":[{\"@type\":\"Article\",\"@id\":\"https:\/\/thewebdevpoint.com\/patrimoniu\/pocal-de-logodna\/8691\/#article\",\"isPartOf\":{\"@id\":\"https:\/\/thewebdevpoint.com\/patrimoniu\/pocal-de-logodna\/8691\/\"},\"author\":{\"name\":\"aysemariadav\",\"@id\":\"https:\/\/thewebdevpoint.com\/ro\/#\/schema\/person\/eaad1484e1392d3fc5d35c9d5a1f7488\"},\"headline\":\"Pocal De Logodna\",\"datePublished\":\"2024-10-08T11:59:10+00:00\",\"dateModified\":\"2024-10-08T11:59:10+00:00\",\"mainEntityOfPage\":{\"@id\":\"https:\/\/thewebdevpoint.com\/patrimoniu\/pocal-de-logodna\/8691\/\"},\"wordCount\":647,\"commentCount\":0,\"publisher\":{\"@id\":\"https:\/\/thewebdevpoint.com\/ro\/#organization\"},\"keywords\":[\"Atelier N\u00fcrnberg|colectia de argint si metal comun\"],\"articleSection\":[\"Argint si Metal Comun\",\"Patrimoniu\"],\"inLanguage\":\"ro-RO\",\"potentialAction\":[{\"@type\":\"CommentAction\",\"name\":\"Comment\",\"target\":[\"https:\/\/thewebdevpoint.com\/patrimoniu\/pocal-de-logodna\/8691\/#respond\"]}]},{\"@type\":\"WebPage\",\"@id\":\"https:\/\/thewebdevpoint.com\/patrimoniu\/pocal-de-logodna\/8691\/\",\"url\":\"https:\/\/thewebdevpoint.com\/patrimoniu\/pocal-de-logodna\/8691\/\",\"name\":\"Pocal De Logodna &#183; Peles Test\",\"isPartOf\":{\"@id\":\"https:\/\/thewebdevpoint.com\/ro\/#website\"},\"datePublished\":\"2024-10-08T11:59:10+00:00\",\"dateModified\":\"2024-10-08T11:59:10+00:00\",\"breadcrumb\":{\"@id\":\"https:\/\/thewebdevpoint.com\/patrimoniu\/pocal-de-logodna\/8691\/#breadcrumb\"},\"inLanguage\":\"ro-RO\",\"potentialAction\":[{\"@type\":\"ReadAction\",\"target\":[\"https:\/\/thewebdevpoint.com\/patrimoniu\/pocal-de-logodna\/8691\/\"]}]},{\"@type\":\"BreadcrumbList\",\"@id\":\"https:\/\/thewebdevpoint.com\/patrimoniu\/pocal-de-logodna\/8691\/#breadcrumb\",\"itemListElement\":[{\"@type\":\"ListItem\",\"position\":1,\"name\":\"Acas\u0103\",\"item\":\"https:\/\/thewebdevpoint.com\/\"},{\"@type\":\"ListItem\",\"position\":2,\"name\":\"Pocal De Logodna\"}]},{\"@type\":\"WebSite\",\"@id\":\"https:\/\/thewebdevpoint.com\/ro\/#website\",\"url\":\"https:\/\/thewebdevpoint.com\/ro\/\",\"name\":\"Peles Test\",\"description\":\"\",\"publisher\":{\"@id\":\"https:\/\/thewebdevpoint.com\/ro\/#organization\"},\"potentialAction\":[{\"@type\":\"SearchAction\",\"target\":{\"@type\":\"EntryPoint\",\"urlTemplate\":\"https:\/\/thewebdevpoint.com\/ro\/?s={search_term_string}\"},\"query-input\":{\"@type\":\"PropertyValueSpecification\",\"valueRequired\":true,\"valueName\":\"search_term_string\"}}],\"inLanguage\":\"ro-RO\"},{\"@type\":\"Organization\",\"@id\":\"https:\/\/thewebdevpoint.com\/ro\/#organization\",\"name\":\"Muzeul Pele\u0219\",\"alternateName\":\"MP\",\"url\":\"https:\/\/thewebdevpoint.com\/ro\/\",\"logo\":{\"@type\":\"ImageObject\",\"inLanguage\":\"ro-RO\",\"@id\":\"https:\/\/thewebdevpoint.com\/ro\/#\/schema\/logo\/image\/\",\"url\":\"https:\/\/thewebdevpoint.com\/wp-content\/uploads\/2024\/10\/Logo.svg\",\"contentUrl\":\"https:\/\/thewebdevpoint.com\/wp-content\/uploads\/2024\/10\/Logo.svg\",\"width\":251,\"height\":48,\"caption\":\"Muzeul Pele\u0219\"},\"image\":{\"@id\":\"https:\/\/thewebdevpoint.com\/ro\/#\/schema\/logo\/image\/\"}},{\"@type\":\"Person\",\"@id\":\"https:\/\/thewebdevpoint.com\/ro\/#\/schema\/person\/eaad1484e1392d3fc5d35c9d5a1f7488\",\"name\":\"aysemariadav\",\"image\":{\"@type\":\"ImageObject\",\"inLanguage\":\"ro-RO\",\"@id\":\"https:\/\/thewebdevpoint.com\/ro\/#\/schema\/person\/image\/\",\"url\":\"https:\/\/secure.gravatar.com\/avatar\/a12b1c700676b68fee98499009c5f521?s=96&d=mm&r=g\",\"contentUrl\":\"https:\/\/secure.gravatar.com\/avatar\/a12b1c700676b68fee98499009c5f521?s=96&d=mm&r=g\",\"caption\":\"aysemariadav\"},\"sameAs\":[\"http:\/\/pelestest.thepoint-agency.com\"],\"url\":\"https:\/\/thewebdevpoint.com\/ro\/author\/aysemariadav\/\"}]}<\/script>\n<!-- \/ Yoast SEO plugin. -->","yoast_head_json":{"title":"Pocal De Logodna &#183; Peles Test","robots":{"index":"noindex","follow":"follow","max-snippet":"max-snippet:-1","max-image-preview":"max-image-preview:large","max-video-preview":"max-video-preview:-1"},"schema":{"@context":"https:\/\/schema.org","@graph":[{"@type":"Article","@id":"https:\/\/thewebdevpoint.com\/patrimoniu\/pocal-de-logodna\/8691\/#article","isPartOf":{"@id":"https:\/\/thewebdevpoint.com\/patrimoniu\/pocal-de-logodna\/8691\/"},"author":{"name":"aysemariadav","@id":"https:\/\/thewebdevpoint.com\/ro\/#\/schema\/person\/eaad1484e1392d3fc5d35c9d5a1f7488"},"headline":"Pocal De Logodna","datePublished":"2024-10-08T11:59:10+00:00","dateModified":"2024-10-08T11:59:10+00:00","mainEntityOfPage":{"@id":"https:\/\/thewebdevpoint.com\/patrimoniu\/pocal-de-logodna\/8691\/"},"wordCount":647,"commentCount":0,"publisher":{"@id":"https:\/\/thewebdevpoint.com\/ro\/#organization"},"keywords":["Atelier N\u00fcrnberg|colectia de argint si metal comun"],"articleSection":["Argint si Metal Comun","Patrimoniu"],"inLanguage":"ro-RO","potentialAction":[{"@type":"CommentAction","name":"Comment","target":["https:\/\/thewebdevpoint.com\/patrimoniu\/pocal-de-logodna\/8691\/#respond"]}]},{"@type":"WebPage","@id":"https:\/\/thewebdevpoint.com\/patrimoniu\/pocal-de-logodna\/8691\/","url":"https:\/\/thewebdevpoint.com\/patrimoniu\/pocal-de-logodna\/8691\/","name":"Pocal De Logodna &#183; Peles Test","isPartOf":{"@id":"https:\/\/thewebdevpoint.com\/ro\/#website"},"datePublished":"2024-10-08T11:59:10+00:00","dateModified":"2024-10-08T11:59:10+00:00","breadcrumb":{"@id":"https:\/\/thewebdevpoint.com\/patrimoniu\/pocal-de-logodna\/8691\/#breadcrumb"},"inLanguage":"ro-RO","potentialAction":[{"@type":"ReadAction","target":["https:\/\/thewebdevpoint.com\/patrimoniu\/pocal-de-logodna\/8691\/"]}]},{"@type":"BreadcrumbList","@id":"https:\/\/thewebdevpoint.com\/patrimoniu\/pocal-de-logodna\/8691\/#breadcrumb","itemListElement":[{"@type":"ListItem","position":1,"name":"Acas\u0103","item":"https:\/\/thewebdevpoint.com\/"},{"@type":"ListItem","position":2,"name":"Pocal De Logodna"}]},{"@type":"WebSite","@id":"https:\/\/thewebdevpoint.com\/ro\/#website","url":"https:\/\/thewebdevpoint.com\/ro\/","name":"Peles Test","description":"","publisher":{"@id":"https:\/\/thewebdevpoint.com\/ro\/#organization"},"potentialAction":[{"@type":"SearchAction","target":{"@type":"EntryPoint","urlTemplate":"https:\/\/thewebdevpoint.com\/ro\/?s={search_term_string}"},"query-input":{"@type":"PropertyValueSpecification","valueRequired":true,"valueName":"search_term_string"}}],"inLanguage":"ro-RO"},{"@type":"Organization","@id":"https:\/\/thewebdevpoint.com\/ro\/#organization","name":"Muzeul Pele\u0219","alternateName":"MP","url":"https:\/\/thewebdevpoint.com\/ro\/","logo":{"@type":"ImageObject","inLanguage":"ro-RO","@id":"https:\/\/thewebdevpoint.com\/ro\/#\/schema\/logo\/image\/","url":"https:\/\/thewebdevpoint.com\/wp-content\/uploads\/2024\/10\/Logo.svg","contentUrl":"https:\/\/thewebdevpoint.com\/wp-content\/uploads\/2024\/10\/Logo.svg","width":251,"height":48,"caption":"Muzeul Pele\u0219"},"image":{"@id":"https:\/\/thewebdevpoint.com\/ro\/#\/schema\/logo\/image\/"}},{"@type":"Person","@id":"https:\/\/thewebdevpoint.com\/ro\/#\/schema\/person\/eaad1484e1392d3fc5d35c9d5a1f7488","name":"aysemariadav","image":{"@type":"ImageObject","inLanguage":"ro-RO","@id":"https:\/\/thewebdevpoint.com\/ro\/#\/schema\/person\/image\/","url":"https:\/\/secure.gravatar.com\/avatar\/a12b1c700676b68fee98499009c5f521?s=96&d=mm&r=g","contentUrl":"https:\/\/secure.gravatar.com\/avatar\/a12b1c700676b68fee98499009c5f521?s=96&d=mm&r=g","caption":"aysemariadav"},"sameAs":["http:\/\/pelestest.thepoint-agency.com"],"url":"https:\/\/thewebdevpoint.com\/ro\/author\/aysemariadav\/"}]}},"_links":{"self":[{"href":"https:\/\/thewebdevpoint.com\/ro\/wp-json\/wp\/v2\/posts\/8691","targetHints":{"allow":["GET"]}}],"collection":[{"href":"https:\/\/thewebdevpoint.com\/ro\/wp-json\/wp\/v2\/posts"}],"about":[{"href":"https:\/\/thewebdevpoint.com\/ro\/wp-json\/wp\/v2\/types\/post"}],"author":[{"embeddable":true,"href":"https:\/\/thewebdevpoint.com\/ro\/wp-json\/wp\/v2\/users\/1"}],"replies":[{"embeddable":true,"href":"https:\/\/thewebdevpoint.com\/ro\/wp-json\/wp\/v2\/comments?post=8691"}],"version-history":[{"count":0,"href":"https:\/\/thewebdevpoint.com\/ro\/wp-json\/wp\/v2\/posts\/8691\/revisions"}],"wp:attachment":[{"href":"https:\/\/thewebdevpoint.com\/ro\/wp-json\/wp\/v2\/media?parent=8691"}],"wp:term":[{"taxonomy":"category","embeddable":true,"href":"https:\/\/thewebdevpoint.com\/ro\/wp-json\/wp\/v2\/categories?post=8691"},{"taxonomy":"post_tag","embeddable":true,"href":"https:\/\/thewebdevpoint.com\/ro\/wp-json\/wp\/v2\/tags?post=8691"}],"curies":[{"name":"wp","href":"https:\/\/api.w.org\/{rel}","templated":true}]}}