{"id":8697,"date":"2024-10-08T11:59:10","date_gmt":"2024-10-08T11:59:10","guid":{"rendered":"https:\/\/pelestest.thepoint-agency.com\/mantia-reginei-maria\/"},"modified":"2024-10-08T11:59:10","modified_gmt":"2024-10-08T11:59:10","slug":"mantia-reginei-maria","status":"publish","type":"post","link":"https:\/\/thewebdevpoint.com\/ro\/patrimoniu\/mantia-reginei-maria\/8697\/","title":{"rendered":"Mantia Reginei Maria"},"content":{"rendered":"<p>[stag_toggle style=&#8221;normal&#8221; title=&#8221;Detalii despre pies\u0103&#8221; state=&#8221;closed&#8221;]Mantia de \u00cencoronare a Reginei Maria<BR>proiect Costin Petrescu,<BR>autor Elena Niculescu Frunzeanu<BR>lame, m\u0103tase, fir de aur, hermin\u0103, pietre semi-pre\u0163ioase<BR>263 cm x 314 cm[\/stag_toggle]<\/p>\n<p>\u00cencoronarea regelui Ferdinand I \u015fi a reginei Maria, ca suverani ai Rom\u00e2niei Mari, avea s\u0103 consfin\u0163easc\u0103 actul de Unire de la 1 decembrie 1918. Locul ales nu a fost \u00eent\u00e2mpl\u0103tor, ora\u015ful Alba Iulia av\u00e2nd un precedent istoric: \u00een anul 1599, \u00een acela\u015fi loc, domnitorul Mihai Viteazul a unit cele trei \u0162\u0103ri Rom\u00e2ne\u015fti. Pentru ceremonia de \u00eencoronare, a fost construit\u0103 Catedrala \u00cencoron\u0103rii, cunoscut\u0103 \u015fi sub numele de Catedrala Re\u00eentregirii Neamului, planurile fiind semnate de arhitectul Victor G. \u015etef\u0103nescu, elev al celebrului arhitect Ion Mincu, iar pictura interioar\u0103, executat\u0103 de sculptorul Cur\u0163ii Regale, Costin Petrescu, creatorul schi\u0163elor pentru mantiile regale.<\/p>\n<p>Suveranii au asistat, mai \u00eent\u00e2i, la o slujb\u0103 religioas\u0103 celebrat\u0103 de patriarhul Rom\u00e2niei, Elie Miron Cristea, \u015fi de mitropoli\u0163ii provinciilor rom\u00e2ne\u015fti. Dup\u0103 terminarea serviciului divin, \u00eencoronarea a avut loc pe estrada din fa\u0163a catedralei, pentru a putea fi \u201ev\u0103zut\u0103 de \u00eentreg poporul\u201d participant la eveniment. Regele Ferdinand I \u015fi regina Maria, \u00eembr\u0103ca\u0163i de ceremonie, purtau pe umeri mantiile \u0163esute din purpur\u0103 \u015fi tivite cu blan\u0103 de hermin\u0103. Dup\u0103 ce \u00ee\u015fi a\u015fez\u0103 pe cap coroana de o\u0163el, cu care s-a \u00eencoronat \u015fi primul rege al Rom\u00e2niei, Carol I, Ferdinand I \u201ea\u015fez\u0103 apoi coroana de aur pe capul so\u0163iei sale \u00eengenuncheate.\u201d Salve de tun au anun\u0163at, c\u0103 primii suverani ai tuturor rom\u00e2nilor au primit consacrarea divin\u0103 a \u201efunc\u0163iei\u201d lor.<\/p>\n<p>\u00centreg ceremonialul \u00eencoron\u0103rii a fost fastuos, regina Maria, de s\u00e2nge britanic \u015fi rusesc, prelu\u00e2nd mult din tradi\u0163ia bizantin\u0103, ale c\u0103ror umbre influen\u0163au mult, prin spiritul lor, monarhiile europene. Le-a cerut tuturor doamnelor din familia regal\u0103, care f\u0103ceau parte din procesiune, s\u0103 se \u00eembrace \u00een auriu, iar celelalte s\u0103 poarte mov \u015fi argintiu. \u201eNu doresc o \u00eencoronare modern\u0103, cum ar putea avea \u015fi alt\u0103 Regin\u0103. A mea s\u0103 fie \u00een \u00eentregime medieval\u0103.\u201d \u2013 spunea suverana.<\/p>\n<p>Mantia reginei Maria de la \u00eencoronare, se p\u0103streaz\u0103 \u00een patrimoniul Muzeului Na\u0163ional Pele\u015f, precum \u015fi mantia regelui Ferdinand I. Adev\u0103rate opere de art\u0103, au fost lucrate cu mult talent artistic \u015fi pricepere, cele dou\u0103 piese fiind, \u00een genere, asem\u0103n\u0103toare. Concep\u0163ia artistic\u0103 apar\u0163ine pictorului Cur\u0163ii regale, Costin Petrescu (1871 \u2013 1954), realizat\u0103 \u00een perioada 1921 \u2013 1922. Este o pies\u0103 unicat, executat\u0103 la comanda Casei Regale cu ocazia \u00eencoron\u0103rii de la Alba Iulia, din 15 octombrie 1922. Hlamida reginei a fost inspirat\u0103 \u015fi executat\u0103 dup\u0103 model bizantin, broderiile fiind realizate de Elena Niculescu Frunzeanu, directoarea \u015ecolii de sericicultur\u0103 \u015fi \u0163es\u0103torie din Bucure\u015fti. Broderiile au fost prezentate \u00een cadrul unei expozi\u0163ii de \u0163es\u0103turi, \u00een luna iunie a anului 1921, expozi\u0163ie vizitat\u0103 de Maria. \u201eCred c\u0103 mantia va fi frumoas\u0103 \u015fi de efect, de\u015fi, dac\u0103 mi s-ar permite s\u0103 o desenez eu \u00eens\u0103mi, a\u015f face ceva \u015fi mai artistic.\u201d, spunea regina.<\/p>\n<p><img fetchpriority=\"high\" decoding=\"async\" class=\"alignright size-full wp-image-4321\" title=\"\" src=\"https:\/\/web.archive.org\/web\/20150822020038im_\/https:\/\/pelestest.thepoint-agency.com\/wp-content\/uploads\/2012\/07\/regina-Maria-1922-foto-Guggenberger-Mairovits-Sibiu.jpg\" alt=\"\" width=\"350\" height=\"551\" \/>Este o pies\u0103 de ceremonie, din \u0163es\u0103tur\u0103 lam\u00e9 \u015fi fir de aur, cu broderii de m\u0103tase \u015fi aplica\u0163ii de pietre semipre\u0163ioase, av\u00e2nd \u0163esute emblemele tuturor provinciilor care formau Rom\u00e2nia Mare. De culoare aurie, mantia este brodat\u0103 cu spice \u015fi snopi de gr\u00e2u, reprezent\u00e2nd \u201ebog\u0103\u0163ia principal\u0103 a p\u0103m\u00e2ntului rom\u00e2nesc.\u201d Chenarul este realizat din hermin\u0103, pe toat\u0103 marginea mantiei, completat\u0103 spre interior cu bordur\u0103 de m\u0103tase violet \u2013 cardinal brodat\u0103, l\u0103\u0163indu-se \u00eentr-un semicerc \u00een jurul g\u00e2tului, cu monograma reginei Maria, surmontat\u0103 de coroan\u0103 regal\u0103. Pe marginea oval\u0103 se afl\u0103 o bordur\u0103 de m\u0103tase, cu \u015fapte \u00eensemne heraldice: stema familiei de Hohenzollern, a Munteniei, a Moldovei, a Transilvaniei, a Olteniei \u015fi Banatului, a Dobrogei, stema familiei de Edinburgh, separate prin grupaje de spice de gr\u00e2u. Pe toat\u0103 suprafa\u0163a sunt aplicate motive \u00een form\u0103 de cruce. \u201e(\u2026) mantia este cople\u015fitoare. \u2013 scria regina \u00een \u00censemn\u0103ri \u2013 Ar\u0103t ca acele statui ale Fecioarei care, \u00een \u0163\u0103rile catolice, sunt \u00een mod special \u00eenve\u015fm\u00e2ntate \u015fi \u00eempodobite cu bijuterii \u00een zilele de s\u0103rb\u0103tori \u015fi purtate pe str\u0103zi \u00een procesiuni. Culoarea aurului, folosit pentru toalet\u0103 \u015fi mantie, este absolut superb\u0103. Lucrat pe un fond cu fir de m\u0103tase ro\u015fie are umbre splendide, ca un apus de soare. (\u2026) Culoarea aurului \u015fi totul se armonizeaz\u0103 neobi\u015fnuit de bine cu tenul meu, cu p\u0103rul blond \u015fi caracterul, \u00een general. Sunt, desigur, a mon avantage \u00een aceast\u0103 \u0163inut\u0103 dificil\u0103 \u015fi, cum am reputa\u0163ia de a nu m\u0103 da b\u0103tut\u0103, din punctul de vedere, ca femeie, este important, pentru c\u0103 aceast\u0103 zi mare, ca regin\u0103 a poporului meu, vreau ca inimile lor s\u0103 bat\u0103 pentru mine cu m\u00e2ndrie. Nu vreau s\u0103-i dezam\u0103gesc, am aceast\u0103 ambi\u0163ie.\u201d<\/p>\n<h4>Izabela T\u00f6r\u00f6k, <small>muzeograf<\/small><\/h4>\n","protected":false},"excerpt":{"rendered":"<p>[stag_toggle style=&#8221;normal&#8221; title=&#8221;Detalii despre pies\u0103&#8221; state=&#8221;closed&#8221;]Mantia de \u00cencoronare a Reginei Mariaproiect Costin Petrescu,autor Elena Niculescu Frunzeanulame, m\u0103tase, fir de aur, hermin\u0103, pietre semi-pre\u0163ioase263 cm x 314 cm[\/stag_toggle] \u00cencoronarea regelui Ferdinand I \u015fi a reginei Maria, ca suverani ai Rom\u00e2niei Mari, avea s\u0103 consfin\u0163easc\u0103 actul de Unire de la 1 decembrie 1918. Locul ales nu a [&hellip;]<\/p>\n","protected":false},"author":1,"featured_media":0,"comment_status":"open","ping_status":"open","sticky":false,"template":"","format":"standard","meta":{"_acf_changed":false,"footnotes":""},"categories":[259,261],"tags":[148],"class_list":["post-8697","post","type-post","status-publish","format-standard","hentry","category-patrimoniu","category-textile","tag-colectia-de-textilecostin-petrescuregina-maria"],"acf":[],"yoast_head":"<!-- This site is optimized with the Yoast SEO plugin v24.1 - https:\/\/yoast.com\/wordpress\/plugins\/seo\/ -->\n<title>Mantia Reginei Maria &#183; Peles Test<\/title>\n<meta name=\"robots\" content=\"noindex, follow, max-snippet:-1, max-image-preview:large, max-video-preview:-1\" \/>\n<script type=\"application\/ld+json\" class=\"yoast-schema-graph\">{\"@context\":\"https:\/\/schema.org\",\"@graph\":[{\"@type\":\"Article\",\"@id\":\"https:\/\/thewebdevpoint.com\/patrimoniu\/mantia-reginei-maria\/8697\/#article\",\"isPartOf\":{\"@id\":\"https:\/\/thewebdevpoint.com\/patrimoniu\/mantia-reginei-maria\/8697\/\"},\"author\":{\"name\":\"aysemariadav\",\"@id\":\"https:\/\/thewebdevpoint.com\/ro\/#\/schema\/person\/eaad1484e1392d3fc5d35c9d5a1f7488\"},\"headline\":\"Mantia Reginei Maria\",\"datePublished\":\"2024-10-08T11:59:10+00:00\",\"dateModified\":\"2024-10-08T11:59:10+00:00\",\"mainEntityOfPage\":{\"@id\":\"https:\/\/thewebdevpoint.com\/patrimoniu\/mantia-reginei-maria\/8697\/\"},\"wordCount\":825,\"commentCount\":0,\"publisher\":{\"@id\":\"https:\/\/thewebdevpoint.com\/ro\/#organization\"},\"image\":{\"@id\":\"https:\/\/thewebdevpoint.com\/patrimoniu\/mantia-reginei-maria\/8697\/#primaryimage\"},\"thumbnailUrl\":\"https:\/\/web.archive.org\/web\/20150822020038im_\/https:\/\/pelestest.thepoint-agency.com\/wp-content\/uploads\/2012\/07\/regina-Maria-1922-foto-Guggenberger-Mairovits-Sibiu.jpg\",\"keywords\":[\"colectia de textile|Costin Petrescu|regina maria\"],\"articleSection\":[\"Patrimoniu\",\"Textile\"],\"inLanguage\":\"ro-RO\",\"potentialAction\":[{\"@type\":\"CommentAction\",\"name\":\"Comment\",\"target\":[\"https:\/\/thewebdevpoint.com\/patrimoniu\/mantia-reginei-maria\/8697\/#respond\"]}]},{\"@type\":\"WebPage\",\"@id\":\"https:\/\/thewebdevpoint.com\/patrimoniu\/mantia-reginei-maria\/8697\/\",\"url\":\"https:\/\/thewebdevpoint.com\/patrimoniu\/mantia-reginei-maria\/8697\/\",\"name\":\"Mantia Reginei Maria &#183; Peles Test\",\"isPartOf\":{\"@id\":\"https:\/\/thewebdevpoint.com\/ro\/#website\"},\"primaryImageOfPage\":{\"@id\":\"https:\/\/thewebdevpoint.com\/patrimoniu\/mantia-reginei-maria\/8697\/#primaryimage\"},\"image\":{\"@id\":\"https:\/\/thewebdevpoint.com\/patrimoniu\/mantia-reginei-maria\/8697\/#primaryimage\"},\"thumbnailUrl\":\"https:\/\/web.archive.org\/web\/20150822020038im_\/https:\/\/pelestest.thepoint-agency.com\/wp-content\/uploads\/2012\/07\/regina-Maria-1922-foto-Guggenberger-Mairovits-Sibiu.jpg\",\"datePublished\":\"2024-10-08T11:59:10+00:00\",\"dateModified\":\"2024-10-08T11:59:10+00:00\",\"breadcrumb\":{\"@id\":\"https:\/\/thewebdevpoint.com\/patrimoniu\/mantia-reginei-maria\/8697\/#breadcrumb\"},\"inLanguage\":\"ro-RO\",\"potentialAction\":[{\"@type\":\"ReadAction\",\"target\":[\"https:\/\/thewebdevpoint.com\/patrimoniu\/mantia-reginei-maria\/8697\/\"]}]},{\"@type\":\"ImageObject\",\"inLanguage\":\"ro-RO\",\"@id\":\"https:\/\/thewebdevpoint.com\/patrimoniu\/mantia-reginei-maria\/8697\/#primaryimage\",\"url\":\"https:\/\/web.archive.org\/web\/20150822020038im_\/https:\/\/pelestest.thepoint-agency.com\/wp-content\/uploads\/2012\/07\/regina-Maria-1922-foto-Guggenberger-Mairovits-Sibiu.jpg\",\"contentUrl\":\"https:\/\/web.archive.org\/web\/20150822020038im_\/https:\/\/pelestest.thepoint-agency.com\/wp-content\/uploads\/2012\/07\/regina-Maria-1922-foto-Guggenberger-Mairovits-Sibiu.jpg\"},{\"@type\":\"BreadcrumbList\",\"@id\":\"https:\/\/thewebdevpoint.com\/patrimoniu\/mantia-reginei-maria\/8697\/#breadcrumb\",\"itemListElement\":[{\"@type\":\"ListItem\",\"position\":1,\"name\":\"Acas\u0103\",\"item\":\"https:\/\/thewebdevpoint.com\/\"},{\"@type\":\"ListItem\",\"position\":2,\"name\":\"Mantia Reginei Maria\"}]},{\"@type\":\"WebSite\",\"@id\":\"https:\/\/thewebdevpoint.com\/ro\/#website\",\"url\":\"https:\/\/thewebdevpoint.com\/ro\/\",\"name\":\"Peles Test\",\"description\":\"\",\"publisher\":{\"@id\":\"https:\/\/thewebdevpoint.com\/ro\/#organization\"},\"potentialAction\":[{\"@type\":\"SearchAction\",\"target\":{\"@type\":\"EntryPoint\",\"urlTemplate\":\"https:\/\/thewebdevpoint.com\/ro\/?s={search_term_string}\"},\"query-input\":{\"@type\":\"PropertyValueSpecification\",\"valueRequired\":true,\"valueName\":\"search_term_string\"}}],\"inLanguage\":\"ro-RO\"},{\"@type\":\"Organization\",\"@id\":\"https:\/\/thewebdevpoint.com\/ro\/#organization\",\"name\":\"Muzeul Pele\u0219\",\"alternateName\":\"MP\",\"url\":\"https:\/\/thewebdevpoint.com\/ro\/\",\"logo\":{\"@type\":\"ImageObject\",\"inLanguage\":\"ro-RO\",\"@id\":\"https:\/\/thewebdevpoint.com\/ro\/#\/schema\/logo\/image\/\",\"url\":\"https:\/\/thewebdevpoint.com\/wp-content\/uploads\/2024\/10\/Logo.svg\",\"contentUrl\":\"https:\/\/thewebdevpoint.com\/wp-content\/uploads\/2024\/10\/Logo.svg\",\"width\":251,\"height\":48,\"caption\":\"Muzeul Pele\u0219\"},\"image\":{\"@id\":\"https:\/\/thewebdevpoint.com\/ro\/#\/schema\/logo\/image\/\"}},{\"@type\":\"Person\",\"@id\":\"https:\/\/thewebdevpoint.com\/ro\/#\/schema\/person\/eaad1484e1392d3fc5d35c9d5a1f7488\",\"name\":\"aysemariadav\",\"image\":{\"@type\":\"ImageObject\",\"inLanguage\":\"ro-RO\",\"@id\":\"https:\/\/thewebdevpoint.com\/ro\/#\/schema\/person\/image\/\",\"url\":\"https:\/\/secure.gravatar.com\/avatar\/a12b1c700676b68fee98499009c5f521?s=96&d=mm&r=g\",\"contentUrl\":\"https:\/\/secure.gravatar.com\/avatar\/a12b1c700676b68fee98499009c5f521?s=96&d=mm&r=g\",\"caption\":\"aysemariadav\"},\"sameAs\":[\"http:\/\/pelestest.thepoint-agency.com\"],\"url\":\"https:\/\/thewebdevpoint.com\/ro\/author\/aysemariadav\/\"}]}<\/script>\n<!-- \/ Yoast SEO plugin. -->","yoast_head_json":{"title":"Mantia Reginei Maria &#183; Peles Test","robots":{"index":"noindex","follow":"follow","max-snippet":"max-snippet:-1","max-image-preview":"max-image-preview:large","max-video-preview":"max-video-preview:-1"},"schema":{"@context":"https:\/\/schema.org","@graph":[{"@type":"Article","@id":"https:\/\/thewebdevpoint.com\/patrimoniu\/mantia-reginei-maria\/8697\/#article","isPartOf":{"@id":"https:\/\/thewebdevpoint.com\/patrimoniu\/mantia-reginei-maria\/8697\/"},"author":{"name":"aysemariadav","@id":"https:\/\/thewebdevpoint.com\/ro\/#\/schema\/person\/eaad1484e1392d3fc5d35c9d5a1f7488"},"headline":"Mantia Reginei Maria","datePublished":"2024-10-08T11:59:10+00:00","dateModified":"2024-10-08T11:59:10+00:00","mainEntityOfPage":{"@id":"https:\/\/thewebdevpoint.com\/patrimoniu\/mantia-reginei-maria\/8697\/"},"wordCount":825,"commentCount":0,"publisher":{"@id":"https:\/\/thewebdevpoint.com\/ro\/#organization"},"image":{"@id":"https:\/\/thewebdevpoint.com\/patrimoniu\/mantia-reginei-maria\/8697\/#primaryimage"},"thumbnailUrl":"https:\/\/web.archive.org\/web\/20150822020038im_\/https:\/\/pelestest.thepoint-agency.com\/wp-content\/uploads\/2012\/07\/regina-Maria-1922-foto-Guggenberger-Mairovits-Sibiu.jpg","keywords":["colectia de textile|Costin Petrescu|regina maria"],"articleSection":["Patrimoniu","Textile"],"inLanguage":"ro-RO","potentialAction":[{"@type":"CommentAction","name":"Comment","target":["https:\/\/thewebdevpoint.com\/patrimoniu\/mantia-reginei-maria\/8697\/#respond"]}]},{"@type":"WebPage","@id":"https:\/\/thewebdevpoint.com\/patrimoniu\/mantia-reginei-maria\/8697\/","url":"https:\/\/thewebdevpoint.com\/patrimoniu\/mantia-reginei-maria\/8697\/","name":"Mantia Reginei Maria &#183; Peles Test","isPartOf":{"@id":"https:\/\/thewebdevpoint.com\/ro\/#website"},"primaryImageOfPage":{"@id":"https:\/\/thewebdevpoint.com\/patrimoniu\/mantia-reginei-maria\/8697\/#primaryimage"},"image":{"@id":"https:\/\/thewebdevpoint.com\/patrimoniu\/mantia-reginei-maria\/8697\/#primaryimage"},"thumbnailUrl":"https:\/\/web.archive.org\/web\/20150822020038im_\/https:\/\/pelestest.thepoint-agency.com\/wp-content\/uploads\/2012\/07\/regina-Maria-1922-foto-Guggenberger-Mairovits-Sibiu.jpg","datePublished":"2024-10-08T11:59:10+00:00","dateModified":"2024-10-08T11:59:10+00:00","breadcrumb":{"@id":"https:\/\/thewebdevpoint.com\/patrimoniu\/mantia-reginei-maria\/8697\/#breadcrumb"},"inLanguage":"ro-RO","potentialAction":[{"@type":"ReadAction","target":["https:\/\/thewebdevpoint.com\/patrimoniu\/mantia-reginei-maria\/8697\/"]}]},{"@type":"ImageObject","inLanguage":"ro-RO","@id":"https:\/\/thewebdevpoint.com\/patrimoniu\/mantia-reginei-maria\/8697\/#primaryimage","url":"https:\/\/web.archive.org\/web\/20150822020038im_\/https:\/\/pelestest.thepoint-agency.com\/wp-content\/uploads\/2012\/07\/regina-Maria-1922-foto-Guggenberger-Mairovits-Sibiu.jpg","contentUrl":"https:\/\/web.archive.org\/web\/20150822020038im_\/https:\/\/pelestest.thepoint-agency.com\/wp-content\/uploads\/2012\/07\/regina-Maria-1922-foto-Guggenberger-Mairovits-Sibiu.jpg"},{"@type":"BreadcrumbList","@id":"https:\/\/thewebdevpoint.com\/patrimoniu\/mantia-reginei-maria\/8697\/#breadcrumb","itemListElement":[{"@type":"ListItem","position":1,"name":"Acas\u0103","item":"https:\/\/thewebdevpoint.com\/"},{"@type":"ListItem","position":2,"name":"Mantia Reginei Maria"}]},{"@type":"WebSite","@id":"https:\/\/thewebdevpoint.com\/ro\/#website","url":"https:\/\/thewebdevpoint.com\/ro\/","name":"Peles Test","description":"","publisher":{"@id":"https:\/\/thewebdevpoint.com\/ro\/#organization"},"potentialAction":[{"@type":"SearchAction","target":{"@type":"EntryPoint","urlTemplate":"https:\/\/thewebdevpoint.com\/ro\/?s={search_term_string}"},"query-input":{"@type":"PropertyValueSpecification","valueRequired":true,"valueName":"search_term_string"}}],"inLanguage":"ro-RO"},{"@type":"Organization","@id":"https:\/\/thewebdevpoint.com\/ro\/#organization","name":"Muzeul Pele\u0219","alternateName":"MP","url":"https:\/\/thewebdevpoint.com\/ro\/","logo":{"@type":"ImageObject","inLanguage":"ro-RO","@id":"https:\/\/thewebdevpoint.com\/ro\/#\/schema\/logo\/image\/","url":"https:\/\/thewebdevpoint.com\/wp-content\/uploads\/2024\/10\/Logo.svg","contentUrl":"https:\/\/thewebdevpoint.com\/wp-content\/uploads\/2024\/10\/Logo.svg","width":251,"height":48,"caption":"Muzeul Pele\u0219"},"image":{"@id":"https:\/\/thewebdevpoint.com\/ro\/#\/schema\/logo\/image\/"}},{"@type":"Person","@id":"https:\/\/thewebdevpoint.com\/ro\/#\/schema\/person\/eaad1484e1392d3fc5d35c9d5a1f7488","name":"aysemariadav","image":{"@type":"ImageObject","inLanguage":"ro-RO","@id":"https:\/\/thewebdevpoint.com\/ro\/#\/schema\/person\/image\/","url":"https:\/\/secure.gravatar.com\/avatar\/a12b1c700676b68fee98499009c5f521?s=96&d=mm&r=g","contentUrl":"https:\/\/secure.gravatar.com\/avatar\/a12b1c700676b68fee98499009c5f521?s=96&d=mm&r=g","caption":"aysemariadav"},"sameAs":["http:\/\/pelestest.thepoint-agency.com"],"url":"https:\/\/thewebdevpoint.com\/ro\/author\/aysemariadav\/"}]}},"_links":{"self":[{"href":"https:\/\/thewebdevpoint.com\/ro\/wp-json\/wp\/v2\/posts\/8697","targetHints":{"allow":["GET"]}}],"collection":[{"href":"https:\/\/thewebdevpoint.com\/ro\/wp-json\/wp\/v2\/posts"}],"about":[{"href":"https:\/\/thewebdevpoint.com\/ro\/wp-json\/wp\/v2\/types\/post"}],"author":[{"embeddable":true,"href":"https:\/\/thewebdevpoint.com\/ro\/wp-json\/wp\/v2\/users\/1"}],"replies":[{"embeddable":true,"href":"https:\/\/thewebdevpoint.com\/ro\/wp-json\/wp\/v2\/comments?post=8697"}],"version-history":[{"count":0,"href":"https:\/\/thewebdevpoint.com\/ro\/wp-json\/wp\/v2\/posts\/8697\/revisions"}],"wp:attachment":[{"href":"https:\/\/thewebdevpoint.com\/ro\/wp-json\/wp\/v2\/media?parent=8697"}],"wp:term":[{"taxonomy":"category","embeddable":true,"href":"https:\/\/thewebdevpoint.com\/ro\/wp-json\/wp\/v2\/categories?post=8697"},{"taxonomy":"post_tag","embeddable":true,"href":"https:\/\/thewebdevpoint.com\/ro\/wp-json\/wp\/v2\/tags?post=8697"}],"curies":[{"name":"wp","href":"https:\/\/api.w.org\/{rel}","templated":true}]}}