{"id":8700,"date":"2024-10-08T11:59:10","date_gmt":"2024-10-08T11:59:10","guid":{"rendered":"https:\/\/pelestest.thepoint-agency.com\/primavara\/"},"modified":"2024-10-08T11:59:10","modified_gmt":"2024-10-08T11:59:10","slug":"primavara","status":"publish","type":"post","link":"https:\/\/thewebdevpoint.com\/ro\/patrimoniu\/primavara\/8700\/","title":{"rendered":"Primavara"},"content":{"rendered":"<p>[stag_toggle style=&#8221;normal&#8221; title=&#8221;Detalii despre pies\u0103&#8221; state=&#8221;closed&#8221;]Gustav Klimt<BR>Prim\u0103vara<BR>ulei\/p\u00e2nz\u0103, cca 1884<BR>Dimensiuni: 100cm pe 55 cm<BR>Sala de teatru a castelului Pele\u015f[\/stag_toggle]<\/p>\n<p>\u00cen anul 2012, lumea artistic\u0103 a s\u0103rb\u0103torit 150 de ani de la na\u015fterea pictorului austriac, Gustav Klimt, prin manifest\u0103ri culturale, iar Muzeul Na\u0163ional Pele\u015f ofer\u0103 iubitorilor de art\u0103 prilejul de a descoperi crea\u0163ia de \u00eenceput a artistului, aflat\u0103 \u00een colec\u0163ia permanent\u0103.<\/p>\n<p>\u201cGustav Klimt \u015fi Kunstlerkompagnie la Castelul Pele\u015f\u201d, deschis\u0103 publicului \u00een intervalul 15 septembrie-15 decembrie 2012.<\/p>\n<p>Casa regal\u0103 a Rom\u00e2niei, reprezentat\u0103 de regele Carol I, a comandat pentru interioarele castelului Pele\u015f, 26 de lucr\u0103ri, realizate \u00een perioada 1883-1886 de arti\u015ftii vienezi, Gustav Klimt (1862-1918), Franz Matsch (1861-1943) \u015fi Ernst Klimt (1864- 1892). \u00cen acest moment, castelul Pele\u015f este singurul muzeu din Rom\u00e2nia care p\u0103streaz\u0103 \u00een patrimoniul s\u0103u, picturile acestor creatori austrieci.<\/p>\n<p>Dar s\u0103 afl\u0103m c\u00e2teva date biografice despre Gustav Klimt, considerat de-a lungul anilor, unul dintre cei mai importan\u0163i pictori europeni.<\/p>\n<p>Fiul unui artizan \u00een orfevrerie, Klimt a studiat, \u00eencep\u00e2nd din 1876, la \u015ecoala de Arte Aplicate, p\u0103str\u0103toare a tradi\u0163iilor imperiale. \u00cenceputul carierei lui de pictor a fost marcat de stilul academic folosit la construirea bulevardului Ring din Viena \u015fi la decorarea edificiilor care \u00eel flancheaz\u0103. Artistul a realizat, \u00eempreun\u0103 cu fratele s\u0103u, Ernst, \u015fi cu prietenul, Franz von Matsch, \u00een cadrul \u201cCompaniei Arti\u015ftilor\u201d, pe care au fondat-o \u00een 1883, decorul multor cl\u0103diri publice \u015fi particulare. Frescele lor din aceast\u0103 perioad\u0103, pentru teatre \u015fi palate, sunt impregnate de istoricismul vienez, marca arti\u015ftilor reuni\u0163i la \u201cK\u00fcnstlerhaus\u201d. Mai t\u00e2rziu, refuz\u00e2nd  compromisurile \u015fi fidel viziunii proprii, Klimt, \u00eempreun\u0103 cu al\u0163i arti\u015fti, a p\u0103r\u0103sit \u201cK\u00fcnstlerhaus\u201d \u00een 1897, fond\u00e2nd \u201cVereinigung Bildender K\u00fcnstler \u00d6sterreich\u201d, sau \u201cSecession\u201d, al c\u0103rei pre\u015fedinte a fost.<\/p>\n<p>\u00cendep\u0103rt\u00e2ndu-se de tradi\u0163iile academice \u015fi istoriciste, membrii noii grup\u0103ri doreau s\u0103 promoveze originalitatea iconografic\u0103 \u015fi stilistic\u0103 a fiec\u0103rui creator, s\u0103 \u00eembog\u0103\u0163easc\u0103 scena artistic\u0103 vienez\u0103 prin acordarea la nout\u0103\u0163ile europene. Arti\u015fti francezi, belgieni \u015fi sco\u0163ieni au fost invita\u0163i s\u0103 expun\u0103 la Viena, \u00een anul 1900. Fernand Khnopff, cu care Klimt \u00eentre\u0163inea o str\u00e2ns\u0103 prietenie, Jan Toorop \u015fi George Minne i-au influen\u0163at puternic opera, din punct de vedere estetic.<\/p>\n<p>Lucrarea semnat\u0103 de Gustav Klimt, intitulat\u0103 Prim\u0103vara este amplasat\u0103 \u00een st\u00e2nga lojei regale, din Sala de teatru a castelului Pele\u015f \u015fi se constituie \u00eentr-un pandant al lucr\u0103rii \u201cVara\u201d. Compozi\u0163ia \u00eenf\u0103\u0163i\u015feaz\u0103, \u00eentr-un panou dreptunghiular de dimensiuni mijlocii, o feti\u0163\u0103 a\u015fezat\u0103, alegoria prim\u0103verii, chipul acesteia fiind redat din trei-sferturi. Linia general\u0103 care domin\u0103 compozi\u0163ia este oblic\u0103, realizat\u0103 de personaj. Feti\u0163a \u0163ine \u00een m\u00e2n\u0103 o cunun\u0103 de lauri de culoare brun\/ocru. Corpul delicat, par\u0163ial acoperit cu un drapaj prins cu un lan\u0163 din aur, de culoare bordeaux, av\u00e2nd \u00een centru un motiv decorativ de influen\u0163\u0103 oriental\u0103, simbolist\u0103, de form\u0103 hexagonal\u0103 cu sublinieri aurii are \u00een centru o floare de culoare mov. Piciorul care iese din cadru \u00een partea st\u00e2ng\u0103 \u00eenchide compozi\u0163ia, \u00een timp ce \u00een partea opus\u0103 aceasta se deschide prin cele dou\u0103 bra\u0163e \u0163in\u00e2nd coroana. Tabloul are ca pandant alegoria verii din panoul cu acela\u015fi titlu. Tr\u0103s\u0103turile chipului \u015fi bustului sunt delicate, de nuan\u0163\u0103 roz, brun, verde pal, p\u0103rul brun\/ro\u015fcat este legat cu o benti\u0163\u0103 maron deschis \u015fi ochii negri degaj\u0103 o privire cald\u0103. Fundalul, de culoare ocru\/verzui, decorat cu peisaj vegetal format din crengi de culoare maron, este \u00eenc\u0103rcat de frunze verzi c\u0103rnoase \u015fi flori mici albe (probabil de m\u0103r).<\/p>\n<p>\u00cen \u00eemp\u0103r\u0163irea planurilor compozi\u0163iei, personajul feminin reprezint\u0103 partea de volum, alternat cu spa\u0163iile decorative plate dar nu lipsite de vibra\u0163ii, at\u00e2t ale desenului (linii drepte sau oblice) c\u00e2t \u015fi ale culorilor (negru, alb \u015fi verde).<\/p>\n<h4>Liliana Manoliu, <small>muzeograf<\/small><\/h4>\n","protected":false},"excerpt":{"rendered":"<p>[stag_toggle style=&#8221;normal&#8221; title=&#8221;Detalii despre pies\u0103&#8221; state=&#8221;closed&#8221;]Gustav KlimtPrim\u0103varaulei\/p\u00e2nz\u0103, cca 1884Dimensiuni: 100cm pe 55 cmSala de teatru a castelului Pele\u015f[\/stag_toggle] \u00cen anul 2012, lumea artistic\u0103 a s\u0103rb\u0103torit 150 de ani de la na\u015fterea pictorului austriac, Gustav Klimt, prin manifest\u0103ri culturale, iar Muzeul Na\u0163ional Pele\u015f ofer\u0103 iubitorilor de art\u0103 prilejul de a descoperi crea\u0163ia de \u00eenceput a artistului, [&hellip;]<\/p>\n","protected":false},"author":1,"featured_media":0,"comment_status":"open","ping_status":"open","sticky":false,"template":"","format":"standard","meta":{"_acf_changed":false,"footnotes":""},"categories":[263,259],"tags":[152],"class_list":["post-8700","post","type-post","status-publish","format-standard","hentry","category-arta-plastica","category-patrimoniu","tag-colectia-de-arta-plasticagustav-klimt"],"acf":[],"yoast_head":"<!-- This site is optimized with the Yoast SEO plugin v24.1 - https:\/\/yoast.com\/wordpress\/plugins\/seo\/ -->\n<title>Primavara &#183; Peles Test<\/title>\n<meta name=\"robots\" content=\"noindex, follow, max-snippet:-1, max-image-preview:large, max-video-preview:-1\" \/>\n<script type=\"application\/ld+json\" class=\"yoast-schema-graph\">{\"@context\":\"https:\/\/schema.org\",\"@graph\":[{\"@type\":\"Article\",\"@id\":\"https:\/\/thewebdevpoint.com\/patrimoniu\/primavara\/8700\/#article\",\"isPartOf\":{\"@id\":\"https:\/\/thewebdevpoint.com\/patrimoniu\/primavara\/8700\/\"},\"author\":{\"name\":\"aysemariadav\",\"@id\":\"https:\/\/thewebdevpoint.com\/ro\/#\/schema\/person\/eaad1484e1392d3fc5d35c9d5a1f7488\"},\"headline\":\"Primavara\",\"datePublished\":\"2024-10-08T11:59:10+00:00\",\"dateModified\":\"2024-10-08T11:59:10+00:00\",\"mainEntityOfPage\":{\"@id\":\"https:\/\/thewebdevpoint.com\/patrimoniu\/primavara\/8700\/\"},\"wordCount\":662,\"commentCount\":0,\"publisher\":{\"@id\":\"https:\/\/thewebdevpoint.com\/ro\/#organization\"},\"keywords\":[\"colectia de arta plastica|Gustav Klimt\"],\"articleSection\":[\"Arta Plastica\",\"Patrimoniu\"],\"inLanguage\":\"ro-RO\",\"potentialAction\":[{\"@type\":\"CommentAction\",\"name\":\"Comment\",\"target\":[\"https:\/\/thewebdevpoint.com\/patrimoniu\/primavara\/8700\/#respond\"]}]},{\"@type\":\"WebPage\",\"@id\":\"https:\/\/thewebdevpoint.com\/patrimoniu\/primavara\/8700\/\",\"url\":\"https:\/\/thewebdevpoint.com\/patrimoniu\/primavara\/8700\/\",\"name\":\"Primavara &#183; Peles Test\",\"isPartOf\":{\"@id\":\"https:\/\/thewebdevpoint.com\/ro\/#website\"},\"datePublished\":\"2024-10-08T11:59:10+00:00\",\"dateModified\":\"2024-10-08T11:59:10+00:00\",\"breadcrumb\":{\"@id\":\"https:\/\/thewebdevpoint.com\/patrimoniu\/primavara\/8700\/#breadcrumb\"},\"inLanguage\":\"ro-RO\",\"potentialAction\":[{\"@type\":\"ReadAction\",\"target\":[\"https:\/\/thewebdevpoint.com\/patrimoniu\/primavara\/8700\/\"]}]},{\"@type\":\"BreadcrumbList\",\"@id\":\"https:\/\/thewebdevpoint.com\/patrimoniu\/primavara\/8700\/#breadcrumb\",\"itemListElement\":[{\"@type\":\"ListItem\",\"position\":1,\"name\":\"Acas\u0103\",\"item\":\"https:\/\/thewebdevpoint.com\/\"},{\"@type\":\"ListItem\",\"position\":2,\"name\":\"Primavara\"}]},{\"@type\":\"WebSite\",\"@id\":\"https:\/\/thewebdevpoint.com\/ro\/#website\",\"url\":\"https:\/\/thewebdevpoint.com\/ro\/\",\"name\":\"Peles Test\",\"description\":\"\",\"publisher\":{\"@id\":\"https:\/\/thewebdevpoint.com\/ro\/#organization\"},\"potentialAction\":[{\"@type\":\"SearchAction\",\"target\":{\"@type\":\"EntryPoint\",\"urlTemplate\":\"https:\/\/thewebdevpoint.com\/ro\/?s={search_term_string}\"},\"query-input\":{\"@type\":\"PropertyValueSpecification\",\"valueRequired\":true,\"valueName\":\"search_term_string\"}}],\"inLanguage\":\"ro-RO\"},{\"@type\":\"Organization\",\"@id\":\"https:\/\/thewebdevpoint.com\/ro\/#organization\",\"name\":\"Muzeul Pele\u0219\",\"alternateName\":\"MP\",\"url\":\"https:\/\/thewebdevpoint.com\/ro\/\",\"logo\":{\"@type\":\"ImageObject\",\"inLanguage\":\"ro-RO\",\"@id\":\"https:\/\/thewebdevpoint.com\/ro\/#\/schema\/logo\/image\/\",\"url\":\"https:\/\/thewebdevpoint.com\/wp-content\/uploads\/2024\/10\/Logo.svg\",\"contentUrl\":\"https:\/\/thewebdevpoint.com\/wp-content\/uploads\/2024\/10\/Logo.svg\",\"width\":251,\"height\":48,\"caption\":\"Muzeul Pele\u0219\"},\"image\":{\"@id\":\"https:\/\/thewebdevpoint.com\/ro\/#\/schema\/logo\/image\/\"}},{\"@type\":\"Person\",\"@id\":\"https:\/\/thewebdevpoint.com\/ro\/#\/schema\/person\/eaad1484e1392d3fc5d35c9d5a1f7488\",\"name\":\"aysemariadav\",\"image\":{\"@type\":\"ImageObject\",\"inLanguage\":\"ro-RO\",\"@id\":\"https:\/\/thewebdevpoint.com\/ro\/#\/schema\/person\/image\/\",\"url\":\"https:\/\/secure.gravatar.com\/avatar\/a12b1c700676b68fee98499009c5f521?s=96&d=mm&r=g\",\"contentUrl\":\"https:\/\/secure.gravatar.com\/avatar\/a12b1c700676b68fee98499009c5f521?s=96&d=mm&r=g\",\"caption\":\"aysemariadav\"},\"sameAs\":[\"http:\/\/pelestest.thepoint-agency.com\"],\"url\":\"https:\/\/thewebdevpoint.com\/ro\/author\/aysemariadav\/\"}]}<\/script>\n<!-- \/ Yoast SEO plugin. -->","yoast_head_json":{"title":"Primavara &#183; Peles Test","robots":{"index":"noindex","follow":"follow","max-snippet":"max-snippet:-1","max-image-preview":"max-image-preview:large","max-video-preview":"max-video-preview:-1"},"schema":{"@context":"https:\/\/schema.org","@graph":[{"@type":"Article","@id":"https:\/\/thewebdevpoint.com\/patrimoniu\/primavara\/8700\/#article","isPartOf":{"@id":"https:\/\/thewebdevpoint.com\/patrimoniu\/primavara\/8700\/"},"author":{"name":"aysemariadav","@id":"https:\/\/thewebdevpoint.com\/ro\/#\/schema\/person\/eaad1484e1392d3fc5d35c9d5a1f7488"},"headline":"Primavara","datePublished":"2024-10-08T11:59:10+00:00","dateModified":"2024-10-08T11:59:10+00:00","mainEntityOfPage":{"@id":"https:\/\/thewebdevpoint.com\/patrimoniu\/primavara\/8700\/"},"wordCount":662,"commentCount":0,"publisher":{"@id":"https:\/\/thewebdevpoint.com\/ro\/#organization"},"keywords":["colectia de arta plastica|Gustav Klimt"],"articleSection":["Arta Plastica","Patrimoniu"],"inLanguage":"ro-RO","potentialAction":[{"@type":"CommentAction","name":"Comment","target":["https:\/\/thewebdevpoint.com\/patrimoniu\/primavara\/8700\/#respond"]}]},{"@type":"WebPage","@id":"https:\/\/thewebdevpoint.com\/patrimoniu\/primavara\/8700\/","url":"https:\/\/thewebdevpoint.com\/patrimoniu\/primavara\/8700\/","name":"Primavara &#183; Peles Test","isPartOf":{"@id":"https:\/\/thewebdevpoint.com\/ro\/#website"},"datePublished":"2024-10-08T11:59:10+00:00","dateModified":"2024-10-08T11:59:10+00:00","breadcrumb":{"@id":"https:\/\/thewebdevpoint.com\/patrimoniu\/primavara\/8700\/#breadcrumb"},"inLanguage":"ro-RO","potentialAction":[{"@type":"ReadAction","target":["https:\/\/thewebdevpoint.com\/patrimoniu\/primavara\/8700\/"]}]},{"@type":"BreadcrumbList","@id":"https:\/\/thewebdevpoint.com\/patrimoniu\/primavara\/8700\/#breadcrumb","itemListElement":[{"@type":"ListItem","position":1,"name":"Acas\u0103","item":"https:\/\/thewebdevpoint.com\/"},{"@type":"ListItem","position":2,"name":"Primavara"}]},{"@type":"WebSite","@id":"https:\/\/thewebdevpoint.com\/ro\/#website","url":"https:\/\/thewebdevpoint.com\/ro\/","name":"Peles Test","description":"","publisher":{"@id":"https:\/\/thewebdevpoint.com\/ro\/#organization"},"potentialAction":[{"@type":"SearchAction","target":{"@type":"EntryPoint","urlTemplate":"https:\/\/thewebdevpoint.com\/ro\/?s={search_term_string}"},"query-input":{"@type":"PropertyValueSpecification","valueRequired":true,"valueName":"search_term_string"}}],"inLanguage":"ro-RO"},{"@type":"Organization","@id":"https:\/\/thewebdevpoint.com\/ro\/#organization","name":"Muzeul Pele\u0219","alternateName":"MP","url":"https:\/\/thewebdevpoint.com\/ro\/","logo":{"@type":"ImageObject","inLanguage":"ro-RO","@id":"https:\/\/thewebdevpoint.com\/ro\/#\/schema\/logo\/image\/","url":"https:\/\/thewebdevpoint.com\/wp-content\/uploads\/2024\/10\/Logo.svg","contentUrl":"https:\/\/thewebdevpoint.com\/wp-content\/uploads\/2024\/10\/Logo.svg","width":251,"height":48,"caption":"Muzeul Pele\u0219"},"image":{"@id":"https:\/\/thewebdevpoint.com\/ro\/#\/schema\/logo\/image\/"}},{"@type":"Person","@id":"https:\/\/thewebdevpoint.com\/ro\/#\/schema\/person\/eaad1484e1392d3fc5d35c9d5a1f7488","name":"aysemariadav","image":{"@type":"ImageObject","inLanguage":"ro-RO","@id":"https:\/\/thewebdevpoint.com\/ro\/#\/schema\/person\/image\/","url":"https:\/\/secure.gravatar.com\/avatar\/a12b1c700676b68fee98499009c5f521?s=96&d=mm&r=g","contentUrl":"https:\/\/secure.gravatar.com\/avatar\/a12b1c700676b68fee98499009c5f521?s=96&d=mm&r=g","caption":"aysemariadav"},"sameAs":["http:\/\/pelestest.thepoint-agency.com"],"url":"https:\/\/thewebdevpoint.com\/ro\/author\/aysemariadav\/"}]}},"_links":{"self":[{"href":"https:\/\/thewebdevpoint.com\/ro\/wp-json\/wp\/v2\/posts\/8700","targetHints":{"allow":["GET"]}}],"collection":[{"href":"https:\/\/thewebdevpoint.com\/ro\/wp-json\/wp\/v2\/posts"}],"about":[{"href":"https:\/\/thewebdevpoint.com\/ro\/wp-json\/wp\/v2\/types\/post"}],"author":[{"embeddable":true,"href":"https:\/\/thewebdevpoint.com\/ro\/wp-json\/wp\/v2\/users\/1"}],"replies":[{"embeddable":true,"href":"https:\/\/thewebdevpoint.com\/ro\/wp-json\/wp\/v2\/comments?post=8700"}],"version-history":[{"count":0,"href":"https:\/\/thewebdevpoint.com\/ro\/wp-json\/wp\/v2\/posts\/8700\/revisions"}],"wp:attachment":[{"href":"https:\/\/thewebdevpoint.com\/ro\/wp-json\/wp\/v2\/media?parent=8700"}],"wp:term":[{"taxonomy":"category","embeddable":true,"href":"https:\/\/thewebdevpoint.com\/ro\/wp-json\/wp\/v2\/categories?post=8700"},{"taxonomy":"post_tag","embeddable":true,"href":"https:\/\/thewebdevpoint.com\/ro\/wp-json\/wp\/v2\/tags?post=8700"}],"curies":[{"name":"wp","href":"https:\/\/api.w.org\/{rel}","templated":true}]}}